{"id":6795,"date":"2021-01-27T15:34:00","date_gmt":"2021-01-27T14:34:00","guid":{"rendered":"http:\/\/nordrest.juliet.utvecklingswebb.se\/?p=6795"},"modified":"2023-08-31T09:36:09","modified_gmt":"2023-08-31T07:36:09","slug":"nordrest-och-pontus-frithiof-valjer-skistar-lodge-hundfjallet-for-nya-koncept-i-fjallen","status":"publish","type":"post","link":"https:\/\/nordrest.fi\/sv\/nordrest-och-pontus-frithiof-valjer-skistar-lodge-hundfjallet-for-nya-koncept-i-fjallen\/","title":{"rendered":"Nordrest och Pontus Frithiof v\u00e4ljer SkiStar Lodge Hundfj\u00e4llet f\u00f6r nya koncept i fj\u00e4llen"},"content":{"rendered":"","protected":false},"excerpt":{"rendered":"","protected":false},"author":5,"featured_media":6807,"comment_status":"closed","ping_status":"closed","sticky":false,"template":"","format":"standard","meta":{"_acf_changed":false,"footnotes":""},"categories":[2],"tags":[],"class_list":["post-6795","post","type-post","status-publish","format-standard","has-post-thumbnail","hentry","category-uutiset"],"acf":[],"yoast_head":"<!-- This site is optimized with the Yoast SEO Premium plugin v22.0 (Yoast SEO v26.4) - https:\/\/yoast.com\/wordpress\/plugins\/seo\/ -->\n<title>Nordrest och Pontus Frithiof v\u00e4ljer SkiStar Lodge Hundfj\u00e4llet f\u00f6r nya koncept i fj\u00e4llen - Nordrest<\/title>\n<meta name=\"robots\" content=\"index, follow, max-snippet:-1, max-image-preview:large, max-video-preview:-1\" \/>\n<link rel=\"canonical\" href=\"https:\/\/nordrest.fi\/sv\/nordrest-och-pontus-frithiof-valjer-skistar-lodge-hundfjallet-for-nya-koncept-i-fjallen\/\" \/>\n<meta property=\"og:locale\" content=\"sv_SE\" \/>\n<meta property=\"og:type\" content=\"article\" \/>\n<meta property=\"og:title\" content=\"Nordrest och Pontus Frithiof v\u00e4ljer SkiStar Lodge Hundfj\u00e4llet f\u00f6r nya koncept i fj\u00e4llen\" \/>\n<meta property=\"og:url\" content=\"https:\/\/nordrest.fi\/sv\/nordrest-och-pontus-frithiof-valjer-skistar-lodge-hundfjallet-for-nya-koncept-i-fjallen\/\" \/>\n<meta property=\"og:site_name\" content=\"Nordrest\" \/>\n<meta property=\"article:publisher\" content=\"https:\/\/www.facebook.com\/nordrest\/\" \/>\n<meta property=\"article:published_time\" content=\"2021-01-27T14:34:00+00:00\" \/>\n<meta property=\"article:modified_time\" content=\"2023-08-31T07:36:09+00:00\" \/>\n<meta property=\"og:image\" content=\"https:\/\/nordrest.fi\/wp-content\/uploads\/2023\/08\/skistar-restaurag-500px.jpg\" \/>\n\t<meta property=\"og:image:width\" content=\"500\" \/>\n\t<meta property=\"og:image:height\" content=\"334\" \/>\n\t<meta property=\"og:image:type\" content=\"image\/jpeg\" \/>\n<meta name=\"author\" content=\"Patrik \u00c5kerlund\" \/>\n<meta name=\"twitter:card\" content=\"summary_large_image\" \/>\n<meta name=\"twitter:label1\" content=\"Skriven av\" \/>\n\t<meta name=\"twitter:data1\" content=\"Patrik \u00c5kerlund\" \/>\n<script type=\"application\/ld+json\" class=\"yoast-schema-graph\">{\"@context\":\"https:\/\/schema.org\",\"@graph\":[{\"@type\":\"Article\",\"@id\":\"https:\/\/nordrest.fi\/sv\/nordrest-och-pontus-frithiof-valjer-skistar-lodge-hundfjallet-for-nya-koncept-i-fjallen\/#article\",\"isPartOf\":{\"@id\":\"https:\/\/nordrest.fi\/sv\/nordrest-och-pontus-frithiof-valjer-skistar-lodge-hundfjallet-for-nya-koncept-i-fjallen\/\"},\"author\":{\"name\":\"Patrik \u00c5kerlund\",\"@id\":\"https:\/\/nordrest.fi\/sv\/#\/schema\/person\/ddcb81948d99014b2c219a93d1d1fd1e\"},\"headline\":\"Nordrest och Pontus Frithiof v\u00e4ljer SkiStar Lodge Hundfj\u00e4llet f\u00f6r nya koncept i fj\u00e4llen\",\"datePublished\":\"2021-01-27T14:34:00+00:00\",\"dateModified\":\"2023-08-31T07:36:09+00:00\",\"mainEntityOfPage\":{\"@id\":\"https:\/\/nordrest.fi\/sv\/nordrest-och-pontus-frithiof-valjer-skistar-lodge-hundfjallet-for-nya-koncept-i-fjallen\/\"},\"wordCount\":17,\"publisher\":{\"@id\":\"https:\/\/nordrest.fi\/sv\/#organization\"},\"image\":{\"@id\":\"https:\/\/nordrest.fi\/sv\/nordrest-och-pontus-frithiof-valjer-skistar-lodge-hundfjallet-for-nya-koncept-i-fjallen\/#primaryimage\"},\"thumbnailUrl\":\"https:\/\/nordrest.fi\/wp-content\/uploads\/2023\/08\/skistar-restaurag-500px.jpg\",\"articleSection\":[\"Uutiset\"],\"inLanguage\":\"sv-SE\"},{\"@type\":\"WebPage\",\"@id\":\"https:\/\/nordrest.fi\/sv\/nordrest-och-pontus-frithiof-valjer-skistar-lodge-hundfjallet-for-nya-koncept-i-fjallen\/\",\"url\":\"https:\/\/nordrest.fi\/sv\/nordrest-och-pontus-frithiof-valjer-skistar-lodge-hundfjallet-for-nya-koncept-i-fjallen\/\",\"name\":\"Nordrest och Pontus Frithiof v\u00e4ljer SkiStar Lodge Hundfj\u00e4llet f\u00f6r nya koncept i fj\u00e4llen - Nordrest\",\"isPartOf\":{\"@id\":\"https:\/\/nordrest.fi\/sv\/#website\"},\"primaryImageOfPage\":{\"@id\":\"https:\/\/nordrest.fi\/sv\/nordrest-och-pontus-frithiof-valjer-skistar-lodge-hundfjallet-for-nya-koncept-i-fjallen\/#primaryimage\"},\"image\":{\"@id\":\"https:\/\/nordrest.fi\/sv\/nordrest-och-pontus-frithiof-valjer-skistar-lodge-hundfjallet-for-nya-koncept-i-fjallen\/#primaryimage\"},\"thumbnailUrl\":\"https:\/\/nordrest.fi\/wp-content\/uploads\/2023\/08\/skistar-restaurag-500px.jpg\",\"datePublished\":\"2021-01-27T14:34:00+00:00\",\"dateModified\":\"2023-08-31T07:36:09+00:00\",\"breadcrumb\":{\"@id\":\"https:\/\/nordrest.fi\/sv\/nordrest-och-pontus-frithiof-valjer-skistar-lodge-hundfjallet-for-nya-koncept-i-fjallen\/#breadcrumb\"},\"inLanguage\":\"sv-SE\",\"potentialAction\":[{\"@type\":\"ReadAction\",\"target\":[\"https:\/\/nordrest.fi\/sv\/nordrest-och-pontus-frithiof-valjer-skistar-lodge-hundfjallet-for-nya-koncept-i-fjallen\/\"]}]},{\"@type\":\"ImageObject\",\"inLanguage\":\"sv-SE\",\"@id\":\"https:\/\/nordrest.fi\/sv\/nordrest-och-pontus-frithiof-valjer-skistar-lodge-hundfjallet-for-nya-koncept-i-fjallen\/#primaryimage\",\"url\":\"https:\/\/nordrest.fi\/wp-content\/uploads\/2023\/08\/skistar-restaurag-500px.jpg\",\"contentUrl\":\"https:\/\/nordrest.fi\/wp-content\/uploads\/2023\/08\/skistar-restaurag-500px.jpg\",\"width\":500,\"height\":334,\"caption\":\"Skistar Restaurag\"},{\"@type\":\"BreadcrumbList\",\"@id\":\"https:\/\/nordrest.fi\/sv\/nordrest-och-pontus-frithiof-valjer-skistar-lodge-hundfjallet-for-nya-koncept-i-fjallen\/#breadcrumb\",\"itemListElement\":[{\"@type\":\"ListItem\",\"position\":1,\"name\":\"Hem\",\"item\":\"https:\/\/nordrest.fi\/sv\/\"},{\"@type\":\"ListItem\",\"position\":2,\"name\":\"Nordrest och Pontus Frithiof v\u00e4ljer SkiStar Lodge Hundfj\u00e4llet f\u00f6r nya koncept i fj\u00e4llen\"}]},{\"@type\":\"WebSite\",\"@id\":\"https:\/\/nordrest.fi\/sv\/#website\",\"url\":\"https:\/\/nordrest.fi\/sv\/\",\"name\":\"Nordrest\",\"description\":\"En schysstare m\u00e5ltidsupplevelse\",\"publisher\":{\"@id\":\"https:\/\/nordrest.fi\/sv\/#organization\"},\"potentialAction\":[{\"@type\":\"SearchAction\",\"target\":{\"@type\":\"EntryPoint\",\"urlTemplate\":\"https:\/\/nordrest.fi\/sv\/?s={search_term_string}\"},\"query-input\":{\"@type\":\"PropertyValueSpecification\",\"valueRequired\":true,\"valueName\":\"search_term_string\"}}],\"inLanguage\":\"sv-SE\"},{\"@type\":\"Organization\",\"@id\":\"https:\/\/nordrest.fi\/sv\/#organization\",\"name\":\"Nordrest\",\"url\":\"https:\/\/nordrest.fi\/sv\/\",\"logo\":{\"@type\":\"ImageObject\",\"inLanguage\":\"sv-SE\",\"@id\":\"https:\/\/nordrest.fi\/sv\/#\/schema\/logo\/image\/\",\"url\":\"https:\/\/nordrest.fi\/wp-content\/uploads\/2019\/12\/Nordrest-Core-HQ-Logotyp-Liggande-Primar-Original.svg\",\"contentUrl\":\"https:\/\/nordrest.fi\/wp-content\/uploads\/2019\/12\/Nordrest-Core-HQ-Logotyp-Liggande-Primar-Original.svg\",\"width\":1500,\"height\":354,\"caption\":\"Nordrest\"},\"image\":{\"@id\":\"https:\/\/nordrest.fi\/sv\/#\/schema\/logo\/image\/\"},\"sameAs\":[\"https:\/\/www.facebook.com\/nordrest\/\"]},{\"@type\":\"Person\",\"@id\":\"https:\/\/nordrest.fi\/sv\/#\/schema\/person\/ddcb81948d99014b2c219a93d1d1fd1e\",\"name\":\"Patrik \u00c5kerlund\",\"image\":{\"@type\":\"ImageObject\",\"inLanguage\":\"sv-SE\",\"@id\":\"https:\/\/nordrest.fi\/sv\/#\/schema\/person\/image\/\",\"url\":\"https:\/\/secure.gravatar.com\/avatar\/9c79b5070caff94b4157423311eceb72dd08b05ed2e496151468753b6bc5a65c?s=96&d=mm&r=g\",\"contentUrl\":\"https:\/\/secure.gravatar.com\/avatar\/9c79b5070caff94b4157423311eceb72dd08b05ed2e496151468753b6bc5a65c?s=96&d=mm&r=g\",\"caption\":\"Patrik \u00c5kerlund\"}}]}<\/script>\n<!-- \/ Yoast SEO Premium plugin. -->","yoast_head_json":{"title":"Nordrest och Pontus Frithiof v\u00e4ljer SkiStar Lodge Hundfj\u00e4llet f\u00f6r nya koncept i fj\u00e4llen - Nordrest","robots":{"index":"index","follow":"follow","max-snippet":"max-snippet:-1","max-image-preview":"max-image-preview:large","max-video-preview":"max-video-preview:-1"},"canonical":"https:\/\/nordrest.fi\/sv\/nordrest-och-pontus-frithiof-valjer-skistar-lodge-hundfjallet-for-nya-koncept-i-fjallen\/","og_locale":"sv_SE","og_type":"article","og_title":"Nordrest och Pontus Frithiof v\u00e4ljer SkiStar Lodge Hundfj\u00e4llet f\u00f6r nya koncept i fj\u00e4llen","og_url":"https:\/\/nordrest.fi\/sv\/nordrest-och-pontus-frithiof-valjer-skistar-lodge-hundfjallet-for-nya-koncept-i-fjallen\/","og_site_name":"Nordrest","article_publisher":"https:\/\/www.facebook.com\/nordrest\/","article_published_time":"2021-01-27T14:34:00+00:00","article_modified_time":"2023-08-31T07:36:09+00:00","og_image":[{"width":500,"height":334,"url":"https:\/\/nordrest.fi\/wp-content\/uploads\/2023\/08\/skistar-restaurag-500px.jpg","type":"image\/jpeg"}],"author":"Patrik \u00c5kerlund","twitter_card":"summary_large_image","twitter_misc":{"Skriven av":"Patrik \u00c5kerlund"},"schema":{"@context":"https:\/\/schema.org","@graph":[{"@type":"Article","@id":"https:\/\/nordrest.fi\/sv\/nordrest-och-pontus-frithiof-valjer-skistar-lodge-hundfjallet-for-nya-koncept-i-fjallen\/#article","isPartOf":{"@id":"https:\/\/nordrest.fi\/sv\/nordrest-och-pontus-frithiof-valjer-skistar-lodge-hundfjallet-for-nya-koncept-i-fjallen\/"},"author":{"name":"Patrik \u00c5kerlund","@id":"https:\/\/nordrest.fi\/sv\/#\/schema\/person\/ddcb81948d99014b2c219a93d1d1fd1e"},"headline":"Nordrest och Pontus Frithiof v\u00e4ljer SkiStar Lodge Hundfj\u00e4llet f\u00f6r nya koncept i fj\u00e4llen","datePublished":"2021-01-27T14:34:00+00:00","dateModified":"2023-08-31T07:36:09+00:00","mainEntityOfPage":{"@id":"https:\/\/nordrest.fi\/sv\/nordrest-och-pontus-frithiof-valjer-skistar-lodge-hundfjallet-for-nya-koncept-i-fjallen\/"},"wordCount":17,"publisher":{"@id":"https:\/\/nordrest.fi\/sv\/#organization"},"image":{"@id":"https:\/\/nordrest.fi\/sv\/nordrest-och-pontus-frithiof-valjer-skistar-lodge-hundfjallet-for-nya-koncept-i-fjallen\/#primaryimage"},"thumbnailUrl":"https:\/\/nordrest.fi\/wp-content\/uploads\/2023\/08\/skistar-restaurag-500px.jpg","articleSection":["Uutiset"],"inLanguage":"sv-SE"},{"@type":"WebPage","@id":"https:\/\/nordrest.fi\/sv\/nordrest-och-pontus-frithiof-valjer-skistar-lodge-hundfjallet-for-nya-koncept-i-fjallen\/","url":"https:\/\/nordrest.fi\/sv\/nordrest-och-pontus-frithiof-valjer-skistar-lodge-hundfjallet-for-nya-koncept-i-fjallen\/","name":"Nordrest och Pontus Frithiof v\u00e4ljer SkiStar Lodge Hundfj\u00e4llet f\u00f6r nya koncept i fj\u00e4llen - Nordrest","isPartOf":{"@id":"https:\/\/nordrest.fi\/sv\/#website"},"primaryImageOfPage":{"@id":"https:\/\/nordrest.fi\/sv\/nordrest-och-pontus-frithiof-valjer-skistar-lodge-hundfjallet-for-nya-koncept-i-fjallen\/#primaryimage"},"image":{"@id":"https:\/\/nordrest.fi\/sv\/nordrest-och-pontus-frithiof-valjer-skistar-lodge-hundfjallet-for-nya-koncept-i-fjallen\/#primaryimage"},"thumbnailUrl":"https:\/\/nordrest.fi\/wp-content\/uploads\/2023\/08\/skistar-restaurag-500px.jpg","datePublished":"2021-01-27T14:34:00+00:00","dateModified":"2023-08-31T07:36:09+00:00","breadcrumb":{"@id":"https:\/\/nordrest.fi\/sv\/nordrest-och-pontus-frithiof-valjer-skistar-lodge-hundfjallet-for-nya-koncept-i-fjallen\/#breadcrumb"},"inLanguage":"sv-SE","potentialAction":[{"@type":"ReadAction","target":["https:\/\/nordrest.fi\/sv\/nordrest-och-pontus-frithiof-valjer-skistar-lodge-hundfjallet-for-nya-koncept-i-fjallen\/"]}]},{"@type":"ImageObject","inLanguage":"sv-SE","@id":"https:\/\/nordrest.fi\/sv\/nordrest-och-pontus-frithiof-valjer-skistar-lodge-hundfjallet-for-nya-koncept-i-fjallen\/#primaryimage","url":"https:\/\/nordrest.fi\/wp-content\/uploads\/2023\/08\/skistar-restaurag-500px.jpg","contentUrl":"https:\/\/nordrest.fi\/wp-content\/uploads\/2023\/08\/skistar-restaurag-500px.jpg","width":500,"height":334,"caption":"Skistar Restaurag"},{"@type":"BreadcrumbList","@id":"https:\/\/nordrest.fi\/sv\/nordrest-och-pontus-frithiof-valjer-skistar-lodge-hundfjallet-for-nya-koncept-i-fjallen\/#breadcrumb","itemListElement":[{"@type":"ListItem","position":1,"name":"Hem","item":"https:\/\/nordrest.fi\/sv\/"},{"@type":"ListItem","position":2,"name":"Nordrest och Pontus Frithiof v\u00e4ljer SkiStar Lodge Hundfj\u00e4llet f\u00f6r nya koncept i fj\u00e4llen"}]},{"@type":"WebSite","@id":"https:\/\/nordrest.fi\/sv\/#website","url":"https:\/\/nordrest.fi\/sv\/","name":"Nordrest","description":"En schysstare m\u00e5ltidsupplevelse","publisher":{"@id":"https:\/\/nordrest.fi\/sv\/#organization"},"potentialAction":[{"@type":"SearchAction","target":{"@type":"EntryPoint","urlTemplate":"https:\/\/nordrest.fi\/sv\/?s={search_term_string}"},"query-input":{"@type":"PropertyValueSpecification","valueRequired":true,"valueName":"search_term_string"}}],"inLanguage":"sv-SE"},{"@type":"Organization","@id":"https:\/\/nordrest.fi\/sv\/#organization","name":"Nordrest","url":"https:\/\/nordrest.fi\/sv\/","logo":{"@type":"ImageObject","inLanguage":"sv-SE","@id":"https:\/\/nordrest.fi\/sv\/#\/schema\/logo\/image\/","url":"https:\/\/nordrest.fi\/wp-content\/uploads\/2019\/12\/Nordrest-Core-HQ-Logotyp-Liggande-Primar-Original.svg","contentUrl":"https:\/\/nordrest.fi\/wp-content\/uploads\/2019\/12\/Nordrest-Core-HQ-Logotyp-Liggande-Primar-Original.svg","width":1500,"height":354,"caption":"Nordrest"},"image":{"@id":"https:\/\/nordrest.fi\/sv\/#\/schema\/logo\/image\/"},"sameAs":["https:\/\/www.facebook.com\/nordrest\/"]},{"@type":"Person","@id":"https:\/\/nordrest.fi\/sv\/#\/schema\/person\/ddcb81948d99014b2c219a93d1d1fd1e","name":"Patrik \u00c5kerlund","image":{"@type":"ImageObject","inLanguage":"sv-SE","@id":"https:\/\/nordrest.fi\/sv\/#\/schema\/person\/image\/","url":"https:\/\/secure.gravatar.com\/avatar\/9c79b5070caff94b4157423311eceb72dd08b05ed2e496151468753b6bc5a65c?s=96&d=mm&r=g","contentUrl":"https:\/\/secure.gravatar.com\/avatar\/9c79b5070caff94b4157423311eceb72dd08b05ed2e496151468753b6bc5a65c?s=96&d=mm&r=g","caption":"Patrik \u00c5kerlund"}}]}},"_links":{"self":[{"href":"https:\/\/nordrest.fi\/sv\/wp-json\/wp\/v2\/posts\/6795","targetHints":{"allow":["GET"]}}],"collection":[{"href":"https:\/\/nordrest.fi\/sv\/wp-json\/wp\/v2\/posts"}],"about":[{"href":"https:\/\/nordrest.fi\/sv\/wp-json\/wp\/v2\/types\/post"}],"author":[{"embeddable":true,"href":"https:\/\/nordrest.fi\/sv\/wp-json\/wp\/v2\/users\/5"}],"replies":[{"embeddable":true,"href":"https:\/\/nordrest.fi\/sv\/wp-json\/wp\/v2\/comments?post=6795"}],"version-history":[{"count":0,"href":"https:\/\/nordrest.fi\/sv\/wp-json\/wp\/v2\/posts\/6795\/revisions"}],"wp:featuredmedia":[{"embeddable":true,"href":"https:\/\/nordrest.fi\/sv\/wp-json\/wp\/v2\/media\/6807"}],"wp:attachment":[{"href":"https:\/\/nordrest.fi\/sv\/wp-json\/wp\/v2\/media?parent=6795"}],"wp:term":[{"taxonomy":"category","embeddable":true,"href":"https:\/\/nordrest.fi\/sv\/wp-json\/wp\/v2\/categories?post=6795"},{"taxonomy":"post_tag","embeddable":true,"href":"https:\/\/nordrest.fi\/sv\/wp-json\/wp\/v2\/tags?post=6795"}],"curies":[{"name":"wp","href":"https:\/\/api.w.org\/{rel}","templated":true}]}}