{"id":16112,"date":"2024-12-18T15:40:42","date_gmt":"2024-12-18T14:40:42","guid":{"rendered":"https:\/\/www.nordrest.se\/?p=16112"},"modified":"2024-12-18T15:40:43","modified_gmt":"2024-12-18T14:40:43","slug":"nordrest-valkomnar-michaela-ejremyr-som-ny-saljdirektor","status":"publish","type":"post","link":"https:\/\/nordrest.fi\/sv\/nordrest-valkomnar-michaela-ejremyr-som-ny-saljdirektor\/","title":{"rendered":"Nordrest v\u00e4lkomnar Michaela Ejremyr som ny S\u00e4ljdirekt\u00f6r"},"content":{"rendered":"\n<p>I h\u00f6stas v\u00e4lkomnade vi Michaela Ejremyr som ny S\u00e4ljdirekt\u00f6r hos oss p\u00e5 Nordrest!&nbsp;\ud83d\ude80<\/p>\n\n\n\n<p>Med en gedigen bakgrund som kostekonom fr\u00e5n Uppsala Universitet och \u00f6ver 17 \u00e5rs erfarenhet inom b\u00e5de privat och offentlig sektor \u00e4r Michaela en riktig powerhouse . Hon har tidigare lett team p\u00e5 Sodexo, varit Key Account Manager p\u00e5 Mathilda Foodtech och Sales Manager p\u00e5 Compass Group. Kort sagt \u2013 Michaela vet hur man driver aff\u00e4rer och skapar resultat!&nbsp;<\/p>\n\n\n\n<p>\u2013&nbsp;<em>&#8221;Nordrest \u00e4r p\u00e5 en sp\u00e4nnande resa, och jag s\u00e5g tidigt hur jag kan bidra med min erfarenhet f\u00f6r att bygga en stark s\u00e4ljorganisation och driva l\u00f6nsamma aff\u00e4rer. Dessutom \u00e4r det viktigt f\u00f6r mig att ha roligt p\u00e5 jobbet, och det \u00e4r tydligt att den kulturen finns h\u00e4r.&#8221;<\/em><\/p>\n\n\n\n<p>Med sitt skarpa \u00f6ga f\u00f6r struktur och processer, och sin l\u00e5nga erfarenhet av offentliga aff\u00e4rer, \u00e4r Michaela redo att ta Nordrest vidare \u2013 b\u00e5de inom Sverige och utanf\u00f6r gr\u00e4nserna. M\u00e5let? Att st\u00e4rka bolaget och g\u00f6ra Nordrest \u00e4nnu mer konkurrenskraftiga.&nbsp;<\/p>\n\n\n\n<p>N\u00e4r Michaela inte bygger framg\u00e5ngsrika s\u00e4ljteam, spenderar hon tid med sin familj och sina barn, tr\u00e4nar flitigt \u2013 och dr\u00f6mmer lite om att skaffa en katt (\u00e4ven om det steget \u00e4nnu inte \u00e4r taget).<\/p>\n\n\n\n<p>V\u00e4lkommen till teamet Michaela!<\/p>\n","protected":false},"excerpt":{"rendered":"<p>I h\u00f6stas v\u00e4lkomnade vi Michaela Ejremyr som ny S\u00e4ljdirekt\u00f6r hos oss p\u00e5 Nordrest!&nbsp;\ud83d\ude80 Med en gedigen bakgrund som kostekonom fr\u00e5n Uppsala Universitet och \u00f6ver 17 \u00e5rs erfarenhet inom b\u00e5de privat och offentlig sektor \u00e4r Michaela en riktig powerhouse . Hon har tidigare lett team p\u00e5 Sodexo, varit Key Account Manager p\u00e5 Mathilda Foodtech och Sales [&hellip;]<\/p>\n","protected":false},"author":10,"featured_media":16114,"comment_status":"closed","ping_status":"closed","sticky":false,"template":"","format":"standard","meta":{"_acf_changed":false,"footnotes":""},"categories":[2],"tags":[],"class_list":["post-16112","post","type-post","status-publish","format-standard","has-post-thumbnail","hentry","category-uutiset"],"acf":[],"yoast_head":"<!-- This site is optimized with the Yoast SEO Premium plugin v22.0 (Yoast SEO v26.4) - https:\/\/yoast.com\/wordpress\/plugins\/seo\/ -->\n<title>Nordrest v\u00e4lkomnar Michaela Ejremyr som ny S\u00e4ljdirekt\u00f6r - Nordrest<\/title>\n<meta name=\"robots\" content=\"index, follow, max-snippet:-1, max-image-preview:large, max-video-preview:-1\" \/>\n<link rel=\"canonical\" href=\"https:\/\/nordrest.fi\/sv\/nordrest-valkomnar-michaela-ejremyr-som-ny-saljdirektor\/\" \/>\n<meta property=\"og:locale\" content=\"sv_SE\" \/>\n<meta property=\"og:type\" content=\"article\" \/>\n<meta property=\"og:title\" content=\"Nordrest v\u00e4lkomnar Michaela Ejremyr som ny S\u00e4ljdirekt\u00f6r\" \/>\n<meta property=\"og:description\" content=\"I h\u00f6stas v\u00e4lkomnade vi Michaela Ejremyr som ny S\u00e4ljdirekt\u00f6r hos oss p\u00e5 Nordrest!&nbsp;\ud83d\ude80 Med en gedigen bakgrund som kostekonom fr\u00e5n Uppsala Universitet och \u00f6ver 17 \u00e5rs erfarenhet inom b\u00e5de privat och offentlig sektor \u00e4r Michaela en riktig powerhouse . Hon har tidigare lett team p\u00e5 Sodexo, varit Key Account Manager p\u00e5 Mathilda Foodtech och Sales [&hellip;]\" \/>\n<meta property=\"og:url\" content=\"https:\/\/nordrest.fi\/sv\/nordrest-valkomnar-michaela-ejremyr-som-ny-saljdirektor\/\" \/>\n<meta property=\"og:site_name\" content=\"Nordrest\" \/>\n<meta property=\"article:publisher\" content=\"https:\/\/www.facebook.com\/nordrest\/\" \/>\n<meta property=\"article:published_time\" content=\"2024-12-18T14:40:42+00:00\" \/>\n<meta property=\"article:modified_time\" content=\"2024-12-18T14:40:43+00:00\" \/>\n<meta property=\"og:image\" content=\"https:\/\/nordrest.fi\/wp-content\/uploads\/2024\/12\/Michaela-webb-1000x563.png\" \/>\n\t<meta property=\"og:image:width\" content=\"1000\" \/>\n\t<meta property=\"og:image:height\" content=\"563\" \/>\n\t<meta property=\"og:image:type\" content=\"image\/png\" \/>\n<meta name=\"author\" content=\"Isabel Norlin\" \/>\n<meta name=\"twitter:card\" content=\"summary_large_image\" \/>\n<meta name=\"twitter:label1\" content=\"Skriven av\" \/>\n\t<meta name=\"twitter:data1\" content=\"Isabel Norlin\" \/>\n\t<meta name=\"twitter:label2\" content=\"Ber\u00e4knad l\u00e4stid\" \/>\n\t<meta name=\"twitter:data2\" content=\"2 minuter\" \/>\n<script type=\"application\/ld+json\" class=\"yoast-schema-graph\">{\"@context\":\"https:\/\/schema.org\",\"@graph\":[{\"@type\":\"Article\",\"@id\":\"https:\/\/nordrest.fi\/sv\/nordrest-valkomnar-michaela-ejremyr-som-ny-saljdirektor\/#article\",\"isPartOf\":{\"@id\":\"https:\/\/nordrest.fi\/sv\/nordrest-valkomnar-michaela-ejremyr-som-ny-saljdirektor\/\"},\"author\":{\"name\":\"Isabel Norlin\",\"@id\":\"https:\/\/nordrest.fi\/sv\/#\/schema\/person\/b0c518dfec193056ba54fe64573f2d6a\"},\"headline\":\"Nordrest v\u00e4lkomnar Michaela Ejremyr som ny S\u00e4ljdirekt\u00f6r\",\"datePublished\":\"2024-12-18T14:40:42+00:00\",\"dateModified\":\"2024-12-18T14:40:43+00:00\",\"mainEntityOfPage\":{\"@id\":\"https:\/\/nordrest.fi\/sv\/nordrest-valkomnar-michaela-ejremyr-som-ny-saljdirektor\/\"},\"wordCount\":234,\"publisher\":{\"@id\":\"https:\/\/nordrest.fi\/sv\/#organization\"},\"image\":{\"@id\":\"https:\/\/nordrest.fi\/sv\/nordrest-valkomnar-michaela-ejremyr-som-ny-saljdirektor\/#primaryimage\"},\"thumbnailUrl\":\"https:\/\/nordrest.fi\/wp-content\/uploads\/2024\/12\/Michaela-webb.png\",\"articleSection\":[\"Uutiset\"],\"inLanguage\":\"sv-SE\"},{\"@type\":\"WebPage\",\"@id\":\"https:\/\/nordrest.fi\/sv\/nordrest-valkomnar-michaela-ejremyr-som-ny-saljdirektor\/\",\"url\":\"https:\/\/nordrest.fi\/sv\/nordrest-valkomnar-michaela-ejremyr-som-ny-saljdirektor\/\",\"name\":\"Nordrest v\u00e4lkomnar Michaela Ejremyr som ny S\u00e4ljdirekt\u00f6r - Nordrest\",\"isPartOf\":{\"@id\":\"https:\/\/nordrest.fi\/sv\/#website\"},\"primaryImageOfPage\":{\"@id\":\"https:\/\/nordrest.fi\/sv\/nordrest-valkomnar-michaela-ejremyr-som-ny-saljdirektor\/#primaryimage\"},\"image\":{\"@id\":\"https:\/\/nordrest.fi\/sv\/nordrest-valkomnar-michaela-ejremyr-som-ny-saljdirektor\/#primaryimage\"},\"thumbnailUrl\":\"https:\/\/nordrest.fi\/wp-content\/uploads\/2024\/12\/Michaela-webb.png\",\"datePublished\":\"2024-12-18T14:40:42+00:00\",\"dateModified\":\"2024-12-18T14:40:43+00:00\",\"breadcrumb\":{\"@id\":\"https:\/\/nordrest.fi\/sv\/nordrest-valkomnar-michaela-ejremyr-som-ny-saljdirektor\/#breadcrumb\"},\"inLanguage\":\"sv-SE\",\"potentialAction\":[{\"@type\":\"ReadAction\",\"target\":[\"https:\/\/nordrest.fi\/sv\/nordrest-valkomnar-michaela-ejremyr-som-ny-saljdirektor\/\"]}]},{\"@type\":\"ImageObject\",\"inLanguage\":\"sv-SE\",\"@id\":\"https:\/\/nordrest.fi\/sv\/nordrest-valkomnar-michaela-ejremyr-som-ny-saljdirektor\/#primaryimage\",\"url\":\"https:\/\/nordrest.fi\/wp-content\/uploads\/2024\/12\/Michaela-webb.png\",\"contentUrl\":\"https:\/\/nordrest.fi\/wp-content\/uploads\/2024\/12\/Michaela-webb.png\",\"width\":1920,\"height\":1080},{\"@type\":\"BreadcrumbList\",\"@id\":\"https:\/\/nordrest.fi\/sv\/nordrest-valkomnar-michaela-ejremyr-som-ny-saljdirektor\/#breadcrumb\",\"itemListElement\":[{\"@type\":\"ListItem\",\"position\":1,\"name\":\"Hem\",\"item\":\"https:\/\/nordrest.fi\/sv\/\"},{\"@type\":\"ListItem\",\"position\":2,\"name\":\"Nordrest v\u00e4lkomnar Michaela Ejremyr som ny S\u00e4ljdirekt\u00f6r\"}]},{\"@type\":\"WebSite\",\"@id\":\"https:\/\/nordrest.fi\/sv\/#website\",\"url\":\"https:\/\/nordrest.fi\/sv\/\",\"name\":\"Nordrest\",\"description\":\"En schysstare m\u00e5ltidsupplevelse\",\"publisher\":{\"@id\":\"https:\/\/nordrest.fi\/sv\/#organization\"},\"potentialAction\":[{\"@type\":\"SearchAction\",\"target\":{\"@type\":\"EntryPoint\",\"urlTemplate\":\"https:\/\/nordrest.fi\/sv\/?s={search_term_string}\"},\"query-input\":{\"@type\":\"PropertyValueSpecification\",\"valueRequired\":true,\"valueName\":\"search_term_string\"}}],\"inLanguage\":\"sv-SE\"},{\"@type\":\"Organization\",\"@id\":\"https:\/\/nordrest.fi\/sv\/#organization\",\"name\":\"Nordrest\",\"url\":\"https:\/\/nordrest.fi\/sv\/\",\"logo\":{\"@type\":\"ImageObject\",\"inLanguage\":\"sv-SE\",\"@id\":\"https:\/\/nordrest.fi\/sv\/#\/schema\/logo\/image\/\",\"url\":\"https:\/\/nordrest.fi\/wp-content\/uploads\/2019\/12\/Nordrest-Core-HQ-Logotyp-Liggande-Primar-Original.svg\",\"contentUrl\":\"https:\/\/nordrest.fi\/wp-content\/uploads\/2019\/12\/Nordrest-Core-HQ-Logotyp-Liggande-Primar-Original.svg\",\"width\":1500,\"height\":354,\"caption\":\"Nordrest\"},\"image\":{\"@id\":\"https:\/\/nordrest.fi\/sv\/#\/schema\/logo\/image\/\"},\"sameAs\":[\"https:\/\/www.facebook.com\/nordrest\/\"]},{\"@type\":\"Person\",\"@id\":\"https:\/\/nordrest.fi\/sv\/#\/schema\/person\/b0c518dfec193056ba54fe64573f2d6a\",\"name\":\"Isabel Norlin\",\"image\":{\"@type\":\"ImageObject\",\"inLanguage\":\"sv-SE\",\"@id\":\"https:\/\/nordrest.fi\/sv\/#\/schema\/person\/image\/\",\"url\":\"https:\/\/secure.gravatar.com\/avatar\/914c7aef2b9be7d711cfdaf4b9a7cb2899a276ba8df01f54ce2f3d3f1798ca36?s=96&d=mm&r=g\",\"contentUrl\":\"https:\/\/secure.gravatar.com\/avatar\/914c7aef2b9be7d711cfdaf4b9a7cb2899a276ba8df01f54ce2f3d3f1798ca36?s=96&d=mm&r=g\",\"caption\":\"Isabel Norlin\"}}]}<\/script>\n<!-- \/ Yoast SEO Premium plugin. -->","yoast_head_json":{"title":"Nordrest v\u00e4lkomnar Michaela Ejremyr som ny S\u00e4ljdirekt\u00f6r - Nordrest","robots":{"index":"index","follow":"follow","max-snippet":"max-snippet:-1","max-image-preview":"max-image-preview:large","max-video-preview":"max-video-preview:-1"},"canonical":"https:\/\/nordrest.fi\/sv\/nordrest-valkomnar-michaela-ejremyr-som-ny-saljdirektor\/","og_locale":"sv_SE","og_type":"article","og_title":"Nordrest v\u00e4lkomnar Michaela Ejremyr som ny S\u00e4ljdirekt\u00f6r","og_description":"I h\u00f6stas v\u00e4lkomnade vi Michaela Ejremyr som ny S\u00e4ljdirekt\u00f6r hos oss p\u00e5 Nordrest!&nbsp;\ud83d\ude80 Med en gedigen bakgrund som kostekonom fr\u00e5n Uppsala Universitet och \u00f6ver 17 \u00e5rs erfarenhet inom b\u00e5de privat och offentlig sektor \u00e4r Michaela en riktig powerhouse . Hon har tidigare lett team p\u00e5 Sodexo, varit Key Account Manager p\u00e5 Mathilda Foodtech och Sales [&hellip;]","og_url":"https:\/\/nordrest.fi\/sv\/nordrest-valkomnar-michaela-ejremyr-som-ny-saljdirektor\/","og_site_name":"Nordrest","article_publisher":"https:\/\/www.facebook.com\/nordrest\/","article_published_time":"2024-12-18T14:40:42+00:00","article_modified_time":"2024-12-18T14:40:43+00:00","og_image":[{"width":1000,"height":563,"url":"https:\/\/nordrest.fi\/wp-content\/uploads\/2024\/12\/Michaela-webb-1000x563.png","type":"image\/png"}],"author":"Isabel Norlin","twitter_card":"summary_large_image","twitter_misc":{"Skriven av":"Isabel Norlin","Ber\u00e4knad l\u00e4stid":"2 minuter"},"schema":{"@context":"https:\/\/schema.org","@graph":[{"@type":"Article","@id":"https:\/\/nordrest.fi\/sv\/nordrest-valkomnar-michaela-ejremyr-som-ny-saljdirektor\/#article","isPartOf":{"@id":"https:\/\/nordrest.fi\/sv\/nordrest-valkomnar-michaela-ejremyr-som-ny-saljdirektor\/"},"author":{"name":"Isabel Norlin","@id":"https:\/\/nordrest.fi\/sv\/#\/schema\/person\/b0c518dfec193056ba54fe64573f2d6a"},"headline":"Nordrest v\u00e4lkomnar Michaela Ejremyr som ny S\u00e4ljdirekt\u00f6r","datePublished":"2024-12-18T14:40:42+00:00","dateModified":"2024-12-18T14:40:43+00:00","mainEntityOfPage":{"@id":"https:\/\/nordrest.fi\/sv\/nordrest-valkomnar-michaela-ejremyr-som-ny-saljdirektor\/"},"wordCount":234,"publisher":{"@id":"https:\/\/nordrest.fi\/sv\/#organization"},"image":{"@id":"https:\/\/nordrest.fi\/sv\/nordrest-valkomnar-michaela-ejremyr-som-ny-saljdirektor\/#primaryimage"},"thumbnailUrl":"https:\/\/nordrest.fi\/wp-content\/uploads\/2024\/12\/Michaela-webb.png","articleSection":["Uutiset"],"inLanguage":"sv-SE"},{"@type":"WebPage","@id":"https:\/\/nordrest.fi\/sv\/nordrest-valkomnar-michaela-ejremyr-som-ny-saljdirektor\/","url":"https:\/\/nordrest.fi\/sv\/nordrest-valkomnar-michaela-ejremyr-som-ny-saljdirektor\/","name":"Nordrest v\u00e4lkomnar Michaela Ejremyr som ny S\u00e4ljdirekt\u00f6r - Nordrest","isPartOf":{"@id":"https:\/\/nordrest.fi\/sv\/#website"},"primaryImageOfPage":{"@id":"https:\/\/nordrest.fi\/sv\/nordrest-valkomnar-michaela-ejremyr-som-ny-saljdirektor\/#primaryimage"},"image":{"@id":"https:\/\/nordrest.fi\/sv\/nordrest-valkomnar-michaela-ejremyr-som-ny-saljdirektor\/#primaryimage"},"thumbnailUrl":"https:\/\/nordrest.fi\/wp-content\/uploads\/2024\/12\/Michaela-webb.png","datePublished":"2024-12-18T14:40:42+00:00","dateModified":"2024-12-18T14:40:43+00:00","breadcrumb":{"@id":"https:\/\/nordrest.fi\/sv\/nordrest-valkomnar-michaela-ejremyr-som-ny-saljdirektor\/#breadcrumb"},"inLanguage":"sv-SE","potentialAction":[{"@type":"ReadAction","target":["https:\/\/nordrest.fi\/sv\/nordrest-valkomnar-michaela-ejremyr-som-ny-saljdirektor\/"]}]},{"@type":"ImageObject","inLanguage":"sv-SE","@id":"https:\/\/nordrest.fi\/sv\/nordrest-valkomnar-michaela-ejremyr-som-ny-saljdirektor\/#primaryimage","url":"https:\/\/nordrest.fi\/wp-content\/uploads\/2024\/12\/Michaela-webb.png","contentUrl":"https:\/\/nordrest.fi\/wp-content\/uploads\/2024\/12\/Michaela-webb.png","width":1920,"height":1080},{"@type":"BreadcrumbList","@id":"https:\/\/nordrest.fi\/sv\/nordrest-valkomnar-michaela-ejremyr-som-ny-saljdirektor\/#breadcrumb","itemListElement":[{"@type":"ListItem","position":1,"name":"Hem","item":"https:\/\/nordrest.fi\/sv\/"},{"@type":"ListItem","position":2,"name":"Nordrest v\u00e4lkomnar Michaela Ejremyr som ny S\u00e4ljdirekt\u00f6r"}]},{"@type":"WebSite","@id":"https:\/\/nordrest.fi\/sv\/#website","url":"https:\/\/nordrest.fi\/sv\/","name":"Nordrest","description":"En schysstare m\u00e5ltidsupplevelse","publisher":{"@id":"https:\/\/nordrest.fi\/sv\/#organization"},"potentialAction":[{"@type":"SearchAction","target":{"@type":"EntryPoint","urlTemplate":"https:\/\/nordrest.fi\/sv\/?s={search_term_string}"},"query-input":{"@type":"PropertyValueSpecification","valueRequired":true,"valueName":"search_term_string"}}],"inLanguage":"sv-SE"},{"@type":"Organization","@id":"https:\/\/nordrest.fi\/sv\/#organization","name":"Nordrest","url":"https:\/\/nordrest.fi\/sv\/","logo":{"@type":"ImageObject","inLanguage":"sv-SE","@id":"https:\/\/nordrest.fi\/sv\/#\/schema\/logo\/image\/","url":"https:\/\/nordrest.fi\/wp-content\/uploads\/2019\/12\/Nordrest-Core-HQ-Logotyp-Liggande-Primar-Original.svg","contentUrl":"https:\/\/nordrest.fi\/wp-content\/uploads\/2019\/12\/Nordrest-Core-HQ-Logotyp-Liggande-Primar-Original.svg","width":1500,"height":354,"caption":"Nordrest"},"image":{"@id":"https:\/\/nordrest.fi\/sv\/#\/schema\/logo\/image\/"},"sameAs":["https:\/\/www.facebook.com\/nordrest\/"]},{"@type":"Person","@id":"https:\/\/nordrest.fi\/sv\/#\/schema\/person\/b0c518dfec193056ba54fe64573f2d6a","name":"Isabel Norlin","image":{"@type":"ImageObject","inLanguage":"sv-SE","@id":"https:\/\/nordrest.fi\/sv\/#\/schema\/person\/image\/","url":"https:\/\/secure.gravatar.com\/avatar\/914c7aef2b9be7d711cfdaf4b9a7cb2899a276ba8df01f54ce2f3d3f1798ca36?s=96&d=mm&r=g","contentUrl":"https:\/\/secure.gravatar.com\/avatar\/914c7aef2b9be7d711cfdaf4b9a7cb2899a276ba8df01f54ce2f3d3f1798ca36?s=96&d=mm&r=g","caption":"Isabel Norlin"}}]}},"_links":{"self":[{"href":"https:\/\/nordrest.fi\/sv\/wp-json\/wp\/v2\/posts\/16112","targetHints":{"allow":["GET"]}}],"collection":[{"href":"https:\/\/nordrest.fi\/sv\/wp-json\/wp\/v2\/posts"}],"about":[{"href":"https:\/\/nordrest.fi\/sv\/wp-json\/wp\/v2\/types\/post"}],"author":[{"embeddable":true,"href":"https:\/\/nordrest.fi\/sv\/wp-json\/wp\/v2\/users\/10"}],"replies":[{"embeddable":true,"href":"https:\/\/nordrest.fi\/sv\/wp-json\/wp\/v2\/comments?post=16112"}],"version-history":[{"count":0,"href":"https:\/\/nordrest.fi\/sv\/wp-json\/wp\/v2\/posts\/16112\/revisions"}],"wp:featuredmedia":[{"embeddable":true,"href":"https:\/\/nordrest.fi\/sv\/wp-json\/wp\/v2\/media\/16114"}],"wp:attachment":[{"href":"https:\/\/nordrest.fi\/sv\/wp-json\/wp\/v2\/media?parent=16112"}],"wp:term":[{"taxonomy":"category","embeddable":true,"href":"https:\/\/nordrest.fi\/sv\/wp-json\/wp\/v2\/categories?post=16112"},{"taxonomy":"post_tag","embeddable":true,"href":"https:\/\/nordrest.fi\/sv\/wp-json\/wp\/v2\/tags?post=16112"}],"curies":[{"name":"wp","href":"https:\/\/api.w.org\/{rel}","templated":true}]}}