{"id":15986,"date":"2024-12-12T16:18:21","date_gmt":"2024-12-12T15:18:21","guid":{"rendered":"https:\/\/www.nordrest.se\/?p=15986"},"modified":"2024-12-12T16:22:40","modified_gmt":"2024-12-12T15:22:40","slug":"snart-firar-vi-husmanskostens-dag-en-hyllning-till-var-svenska-mattradition","status":"publish","type":"post","link":"https:\/\/nordrest.fi\/sv\/snart-firar-vi-husmanskostens-dag-en-hyllning-till-var-svenska-mattradition\/","title":{"rendered":"Snart firar vi Husmanskostens dag"},"content":{"rendered":"\n<p>En hyllning till v\u00e5r svenska mattradition.<\/p>\n\n\n\n<p>Den 26 februari 2025 \u00e4r en dag att s\u00e4tta i kalendern \u2013 det \u00e4r f\u00f6rsta g\u00e5ngen vi firar&nbsp;<strong>Husmanskostens dag<\/strong>! Det \u00e4r en dag som handlar om att hylla mat vi alla har en relation till; klassisk svensk husmanskost. T\u00e4nk p\u00e5 r\u00e4tter som f\u00e5r oss att k\u00e4nna oss som hemma och ligger oss varmt om hj\u00e4rtat, som k\u00f6ttbullar med mos, pannbiff, k\u00e5ldolmar eller en riktigt god raggmunk.&nbsp;<\/p>\n\n\n\n<p>Bakom initiativet st\u00e5r Pontus Frithiof, White Guide och Gastronomiska Akademin, med st\u00f6d fr\u00e5n kockar samt M\u00e5ltidsakademin, LRF, Menigo, Sabis, Arla och Nordrest.&nbsp;<\/p>\n\n\n\n<p><strong>En matlagningstradition<\/strong><br>Det finns n\u00e5got n\u00e4stan magiskt med husmanskost. Doften av nystekta pannkakor, smaken av en riktigt mustig kalops eller v\u00e4rmen fr\u00e5n en tallrik hemlagad \u00e4rtsoppa. Det \u00e4r en matlagningstradition som bottnar i enkelhet och omtanke \u2013 och som samtidigt \u00e4r \u00f6verraskande modern. H\u00e5llbarhet, s\u00e4songst\u00e4nk och n\u00e4rproducerade r\u00e5varor \u00e4r ju hetare \u00e4n n\u00e5gonsin.<\/p>\n\n\n\n<p>Men varf\u00f6r k\u00e4nns det d\u00e5 som att husmanskosten ibland hamnar i skymundan? Kanske tror vi att det \u00e4r sv\u00e5rt eller tidskr\u00e4vande. Det \u00e4r just den h\u00e4r tr\u00f6skeln som Husmanskostens Dag vill s\u00e4nka. Det \u00e4r dags att visa att det inte beh\u00f6ver vara komplicerat \u2013 bara gott. Tanken \u00e4r att inspirera alla \u2013 fr\u00e5n hemmakockar till skolmatsalar och stj\u00e4rnkrogar \u2013 att lyfta fram husmanskosten och ge den en sj\u00e4lvklar plats i v\u00e5ra liv igen.<\/p>\n\n\n\n<p><strong>Var med och fira!<\/strong><br>Vi p\u00e5 Nordrest \u00e4r stolta \u00f6ver att vara en del av Husmanskostens dag, och vi hoppas att du ocks\u00e5 vill vara med.<\/p>\n","protected":false},"excerpt":{"rendered":"<p>En hyllning till v\u00e5r svenska mattradition. Den 26 februari 2025 \u00e4r en dag att s\u00e4tta i kalendern \u2013 det \u00e4r f\u00f6rsta g\u00e5ngen vi firar&nbsp;Husmanskostens dag! Det \u00e4r en dag som handlar om att hylla mat vi alla har en relation till; klassisk svensk husmanskost. T\u00e4nk p\u00e5 r\u00e4tter som f\u00e5r oss att k\u00e4nna oss som hemma [&hellip;]<\/p>\n","protected":false},"author":10,"featured_media":15988,"comment_status":"closed","ping_status":"closed","sticky":false,"template":"","format":"standard","meta":{"_acf_changed":false,"footnotes":""},"categories":[2],"tags":[],"class_list":["post-15986","post","type-post","status-publish","format-standard","has-post-thumbnail","hentry","category-uutiset"],"acf":[],"yoast_head":"<!-- This site is optimized with the Yoast SEO Premium plugin v22.0 (Yoast SEO v26.4) - https:\/\/yoast.com\/wordpress\/plugins\/seo\/ -->\n<title>Snart firar vi Husmanskostens dag - Nordrest<\/title>\n<meta name=\"robots\" content=\"index, follow, max-snippet:-1, max-image-preview:large, max-video-preview:-1\" \/>\n<link rel=\"canonical\" href=\"https:\/\/nordrest.fi\/sv\/snart-firar-vi-husmanskostens-dag-en-hyllning-till-var-svenska-mattradition\/\" \/>\n<meta property=\"og:locale\" content=\"sv_SE\" \/>\n<meta property=\"og:type\" content=\"article\" \/>\n<meta property=\"og:title\" content=\"Snart firar vi Husmanskostens dag\" \/>\n<meta property=\"og:description\" content=\"En hyllning till v\u00e5r svenska mattradition. Den 26 februari 2025 \u00e4r en dag att s\u00e4tta i kalendern \u2013 det \u00e4r f\u00f6rsta g\u00e5ngen vi firar&nbsp;Husmanskostens dag! Det \u00e4r en dag som handlar om att hylla mat vi alla har en relation till; klassisk svensk husmanskost. T\u00e4nk p\u00e5 r\u00e4tter som f\u00e5r oss att k\u00e4nna oss som hemma [&hellip;]\" \/>\n<meta property=\"og:url\" content=\"https:\/\/nordrest.fi\/sv\/snart-firar-vi-husmanskostens-dag-en-hyllning-till-var-svenska-mattradition\/\" \/>\n<meta property=\"og:site_name\" content=\"Nordrest\" \/>\n<meta property=\"article:publisher\" content=\"https:\/\/www.facebook.com\/nordrest\/\" \/>\n<meta property=\"article:published_time\" content=\"2024-12-12T15:18:21+00:00\" \/>\n<meta property=\"article:modified_time\" content=\"2024-12-12T15:22:40+00:00\" \/>\n<meta property=\"og:image\" content=\"https:\/\/nordrest.fi\/wp-content\/uploads\/2024\/12\/Dinners-prel-webb-10-1000x1250.jpg\" \/>\n\t<meta property=\"og:image:width\" content=\"1000\" \/>\n\t<meta property=\"og:image:height\" content=\"1250\" \/>\n\t<meta property=\"og:image:type\" content=\"image\/jpeg\" \/>\n<meta name=\"author\" content=\"Isabel Norlin\" \/>\n<meta name=\"twitter:card\" content=\"summary_large_image\" \/>\n<meta name=\"twitter:label1\" content=\"Skriven av\" \/>\n\t<meta name=\"twitter:data1\" content=\"Isabel Norlin\" \/>\n\t<meta name=\"twitter:label2\" content=\"Ber\u00e4knad l\u00e4stid\" \/>\n\t<meta name=\"twitter:data2\" content=\"2 minuter\" \/>\n<script type=\"application\/ld+json\" class=\"yoast-schema-graph\">{\"@context\":\"https:\/\/schema.org\",\"@graph\":[{\"@type\":\"Article\",\"@id\":\"https:\/\/nordrest.fi\/sv\/snart-firar-vi-husmanskostens-dag-en-hyllning-till-var-svenska-mattradition\/#article\",\"isPartOf\":{\"@id\":\"https:\/\/nordrest.fi\/sv\/snart-firar-vi-husmanskostens-dag-en-hyllning-till-var-svenska-mattradition\/\"},\"author\":{\"name\":\"Isabel Norlin\",\"@id\":\"https:\/\/nordrest.fi\/sv\/#\/schema\/person\/b0c518dfec193056ba54fe64573f2d6a\"},\"headline\":\"Snart firar vi Husmanskostens dag\",\"datePublished\":\"2024-12-12T15:18:21+00:00\",\"dateModified\":\"2024-12-12T15:22:40+00:00\",\"mainEntityOfPage\":{\"@id\":\"https:\/\/nordrest.fi\/sv\/snart-firar-vi-husmanskostens-dag-en-hyllning-till-var-svenska-mattradition\/\"},\"wordCount\":285,\"publisher\":{\"@id\":\"https:\/\/nordrest.fi\/sv\/#organization\"},\"image\":{\"@id\":\"https:\/\/nordrest.fi\/sv\/snart-firar-vi-husmanskostens-dag-en-hyllning-till-var-svenska-mattradition\/#primaryimage\"},\"thumbnailUrl\":\"https:\/\/nordrest.fi\/wp-content\/uploads\/2024\/12\/Dinners-prel-webb-10.jpg\",\"articleSection\":[\"Uutiset\"],\"inLanguage\":\"sv-SE\"},{\"@type\":\"WebPage\",\"@id\":\"https:\/\/nordrest.fi\/sv\/snart-firar-vi-husmanskostens-dag-en-hyllning-till-var-svenska-mattradition\/\",\"url\":\"https:\/\/nordrest.fi\/sv\/snart-firar-vi-husmanskostens-dag-en-hyllning-till-var-svenska-mattradition\/\",\"name\":\"Snart firar vi Husmanskostens dag - Nordrest\",\"isPartOf\":{\"@id\":\"https:\/\/nordrest.fi\/sv\/#website\"},\"primaryImageOfPage\":{\"@id\":\"https:\/\/nordrest.fi\/sv\/snart-firar-vi-husmanskostens-dag-en-hyllning-till-var-svenska-mattradition\/#primaryimage\"},\"image\":{\"@id\":\"https:\/\/nordrest.fi\/sv\/snart-firar-vi-husmanskostens-dag-en-hyllning-till-var-svenska-mattradition\/#primaryimage\"},\"thumbnailUrl\":\"https:\/\/nordrest.fi\/wp-content\/uploads\/2024\/12\/Dinners-prel-webb-10.jpg\",\"datePublished\":\"2024-12-12T15:18:21+00:00\",\"dateModified\":\"2024-12-12T15:22:40+00:00\",\"breadcrumb\":{\"@id\":\"https:\/\/nordrest.fi\/sv\/snart-firar-vi-husmanskostens-dag-en-hyllning-till-var-svenska-mattradition\/#breadcrumb\"},\"inLanguage\":\"sv-SE\",\"potentialAction\":[{\"@type\":\"ReadAction\",\"target\":[\"https:\/\/nordrest.fi\/sv\/snart-firar-vi-husmanskostens-dag-en-hyllning-till-var-svenska-mattradition\/\"]}]},{\"@type\":\"ImageObject\",\"inLanguage\":\"sv-SE\",\"@id\":\"https:\/\/nordrest.fi\/sv\/snart-firar-vi-husmanskostens-dag-en-hyllning-till-var-svenska-mattradition\/#primaryimage\",\"url\":\"https:\/\/nordrest.fi\/wp-content\/uploads\/2024\/12\/Dinners-prel-webb-10.jpg\",\"contentUrl\":\"https:\/\/nordrest.fi\/wp-content\/uploads\/2024\/12\/Dinners-prel-webb-10.jpg\",\"width\":1600,\"height\":2000},{\"@type\":\"BreadcrumbList\",\"@id\":\"https:\/\/nordrest.fi\/sv\/snart-firar-vi-husmanskostens-dag-en-hyllning-till-var-svenska-mattradition\/#breadcrumb\",\"itemListElement\":[{\"@type\":\"ListItem\",\"position\":1,\"name\":\"Hem\",\"item\":\"https:\/\/nordrest.fi\/sv\/\"},{\"@type\":\"ListItem\",\"position\":2,\"name\":\"Snart firar vi Husmanskostens dag\"}]},{\"@type\":\"WebSite\",\"@id\":\"https:\/\/nordrest.fi\/sv\/#website\",\"url\":\"https:\/\/nordrest.fi\/sv\/\",\"name\":\"Nordrest\",\"description\":\"En schysstare m\u00e5ltidsupplevelse\",\"publisher\":{\"@id\":\"https:\/\/nordrest.fi\/sv\/#organization\"},\"potentialAction\":[{\"@type\":\"SearchAction\",\"target\":{\"@type\":\"EntryPoint\",\"urlTemplate\":\"https:\/\/nordrest.fi\/sv\/?s={search_term_string}\"},\"query-input\":{\"@type\":\"PropertyValueSpecification\",\"valueRequired\":true,\"valueName\":\"search_term_string\"}}],\"inLanguage\":\"sv-SE\"},{\"@type\":\"Organization\",\"@id\":\"https:\/\/nordrest.fi\/sv\/#organization\",\"name\":\"Nordrest\",\"url\":\"https:\/\/nordrest.fi\/sv\/\",\"logo\":{\"@type\":\"ImageObject\",\"inLanguage\":\"sv-SE\",\"@id\":\"https:\/\/nordrest.fi\/sv\/#\/schema\/logo\/image\/\",\"url\":\"https:\/\/nordrest.fi\/wp-content\/uploads\/2019\/12\/Nordrest-Core-HQ-Logotyp-Liggande-Primar-Original.svg\",\"contentUrl\":\"https:\/\/nordrest.fi\/wp-content\/uploads\/2019\/12\/Nordrest-Core-HQ-Logotyp-Liggande-Primar-Original.svg\",\"width\":1500,\"height\":354,\"caption\":\"Nordrest\"},\"image\":{\"@id\":\"https:\/\/nordrest.fi\/sv\/#\/schema\/logo\/image\/\"},\"sameAs\":[\"https:\/\/www.facebook.com\/nordrest\/\"]},{\"@type\":\"Person\",\"@id\":\"https:\/\/nordrest.fi\/sv\/#\/schema\/person\/b0c518dfec193056ba54fe64573f2d6a\",\"name\":\"Isabel Norlin\",\"image\":{\"@type\":\"ImageObject\",\"inLanguage\":\"sv-SE\",\"@id\":\"https:\/\/nordrest.fi\/sv\/#\/schema\/person\/image\/\",\"url\":\"https:\/\/secure.gravatar.com\/avatar\/914c7aef2b9be7d711cfdaf4b9a7cb2899a276ba8df01f54ce2f3d3f1798ca36?s=96&d=mm&r=g\",\"contentUrl\":\"https:\/\/secure.gravatar.com\/avatar\/914c7aef2b9be7d711cfdaf4b9a7cb2899a276ba8df01f54ce2f3d3f1798ca36?s=96&d=mm&r=g\",\"caption\":\"Isabel Norlin\"}}]}<\/script>\n<!-- \/ Yoast SEO Premium plugin. -->","yoast_head_json":{"title":"Snart firar vi Husmanskostens dag - Nordrest","robots":{"index":"index","follow":"follow","max-snippet":"max-snippet:-1","max-image-preview":"max-image-preview:large","max-video-preview":"max-video-preview:-1"},"canonical":"https:\/\/nordrest.fi\/sv\/snart-firar-vi-husmanskostens-dag-en-hyllning-till-var-svenska-mattradition\/","og_locale":"sv_SE","og_type":"article","og_title":"Snart firar vi Husmanskostens dag","og_description":"En hyllning till v\u00e5r svenska mattradition. Den 26 februari 2025 \u00e4r en dag att s\u00e4tta i kalendern \u2013 det \u00e4r f\u00f6rsta g\u00e5ngen vi firar&nbsp;Husmanskostens dag! Det \u00e4r en dag som handlar om att hylla mat vi alla har en relation till; klassisk svensk husmanskost. T\u00e4nk p\u00e5 r\u00e4tter som f\u00e5r oss att k\u00e4nna oss som hemma [&hellip;]","og_url":"https:\/\/nordrest.fi\/sv\/snart-firar-vi-husmanskostens-dag-en-hyllning-till-var-svenska-mattradition\/","og_site_name":"Nordrest","article_publisher":"https:\/\/www.facebook.com\/nordrest\/","article_published_time":"2024-12-12T15:18:21+00:00","article_modified_time":"2024-12-12T15:22:40+00:00","og_image":[{"width":1000,"height":1250,"url":"https:\/\/nordrest.fi\/wp-content\/uploads\/2024\/12\/Dinners-prel-webb-10-1000x1250.jpg","type":"image\/jpeg"}],"author":"Isabel Norlin","twitter_card":"summary_large_image","twitter_misc":{"Skriven av":"Isabel Norlin","Ber\u00e4knad l\u00e4stid":"2 minuter"},"schema":{"@context":"https:\/\/schema.org","@graph":[{"@type":"Article","@id":"https:\/\/nordrest.fi\/sv\/snart-firar-vi-husmanskostens-dag-en-hyllning-till-var-svenska-mattradition\/#article","isPartOf":{"@id":"https:\/\/nordrest.fi\/sv\/snart-firar-vi-husmanskostens-dag-en-hyllning-till-var-svenska-mattradition\/"},"author":{"name":"Isabel Norlin","@id":"https:\/\/nordrest.fi\/sv\/#\/schema\/person\/b0c518dfec193056ba54fe64573f2d6a"},"headline":"Snart firar vi Husmanskostens dag","datePublished":"2024-12-12T15:18:21+00:00","dateModified":"2024-12-12T15:22:40+00:00","mainEntityOfPage":{"@id":"https:\/\/nordrest.fi\/sv\/snart-firar-vi-husmanskostens-dag-en-hyllning-till-var-svenska-mattradition\/"},"wordCount":285,"publisher":{"@id":"https:\/\/nordrest.fi\/sv\/#organization"},"image":{"@id":"https:\/\/nordrest.fi\/sv\/snart-firar-vi-husmanskostens-dag-en-hyllning-till-var-svenska-mattradition\/#primaryimage"},"thumbnailUrl":"https:\/\/nordrest.fi\/wp-content\/uploads\/2024\/12\/Dinners-prel-webb-10.jpg","articleSection":["Uutiset"],"inLanguage":"sv-SE"},{"@type":"WebPage","@id":"https:\/\/nordrest.fi\/sv\/snart-firar-vi-husmanskostens-dag-en-hyllning-till-var-svenska-mattradition\/","url":"https:\/\/nordrest.fi\/sv\/snart-firar-vi-husmanskostens-dag-en-hyllning-till-var-svenska-mattradition\/","name":"Snart firar vi Husmanskostens dag - Nordrest","isPartOf":{"@id":"https:\/\/nordrest.fi\/sv\/#website"},"primaryImageOfPage":{"@id":"https:\/\/nordrest.fi\/sv\/snart-firar-vi-husmanskostens-dag-en-hyllning-till-var-svenska-mattradition\/#primaryimage"},"image":{"@id":"https:\/\/nordrest.fi\/sv\/snart-firar-vi-husmanskostens-dag-en-hyllning-till-var-svenska-mattradition\/#primaryimage"},"thumbnailUrl":"https:\/\/nordrest.fi\/wp-content\/uploads\/2024\/12\/Dinners-prel-webb-10.jpg","datePublished":"2024-12-12T15:18:21+00:00","dateModified":"2024-12-12T15:22:40+00:00","breadcrumb":{"@id":"https:\/\/nordrest.fi\/sv\/snart-firar-vi-husmanskostens-dag-en-hyllning-till-var-svenska-mattradition\/#breadcrumb"},"inLanguage":"sv-SE","potentialAction":[{"@type":"ReadAction","target":["https:\/\/nordrest.fi\/sv\/snart-firar-vi-husmanskostens-dag-en-hyllning-till-var-svenska-mattradition\/"]}]},{"@type":"ImageObject","inLanguage":"sv-SE","@id":"https:\/\/nordrest.fi\/sv\/snart-firar-vi-husmanskostens-dag-en-hyllning-till-var-svenska-mattradition\/#primaryimage","url":"https:\/\/nordrest.fi\/wp-content\/uploads\/2024\/12\/Dinners-prel-webb-10.jpg","contentUrl":"https:\/\/nordrest.fi\/wp-content\/uploads\/2024\/12\/Dinners-prel-webb-10.jpg","width":1600,"height":2000},{"@type":"BreadcrumbList","@id":"https:\/\/nordrest.fi\/sv\/snart-firar-vi-husmanskostens-dag-en-hyllning-till-var-svenska-mattradition\/#breadcrumb","itemListElement":[{"@type":"ListItem","position":1,"name":"Hem","item":"https:\/\/nordrest.fi\/sv\/"},{"@type":"ListItem","position":2,"name":"Snart firar vi Husmanskostens dag"}]},{"@type":"WebSite","@id":"https:\/\/nordrest.fi\/sv\/#website","url":"https:\/\/nordrest.fi\/sv\/","name":"Nordrest","description":"En schysstare m\u00e5ltidsupplevelse","publisher":{"@id":"https:\/\/nordrest.fi\/sv\/#organization"},"potentialAction":[{"@type":"SearchAction","target":{"@type":"EntryPoint","urlTemplate":"https:\/\/nordrest.fi\/sv\/?s={search_term_string}"},"query-input":{"@type":"PropertyValueSpecification","valueRequired":true,"valueName":"search_term_string"}}],"inLanguage":"sv-SE"},{"@type":"Organization","@id":"https:\/\/nordrest.fi\/sv\/#organization","name":"Nordrest","url":"https:\/\/nordrest.fi\/sv\/","logo":{"@type":"ImageObject","inLanguage":"sv-SE","@id":"https:\/\/nordrest.fi\/sv\/#\/schema\/logo\/image\/","url":"https:\/\/nordrest.fi\/wp-content\/uploads\/2019\/12\/Nordrest-Core-HQ-Logotyp-Liggande-Primar-Original.svg","contentUrl":"https:\/\/nordrest.fi\/wp-content\/uploads\/2019\/12\/Nordrest-Core-HQ-Logotyp-Liggande-Primar-Original.svg","width":1500,"height":354,"caption":"Nordrest"},"image":{"@id":"https:\/\/nordrest.fi\/sv\/#\/schema\/logo\/image\/"},"sameAs":["https:\/\/www.facebook.com\/nordrest\/"]},{"@type":"Person","@id":"https:\/\/nordrest.fi\/sv\/#\/schema\/person\/b0c518dfec193056ba54fe64573f2d6a","name":"Isabel Norlin","image":{"@type":"ImageObject","inLanguage":"sv-SE","@id":"https:\/\/nordrest.fi\/sv\/#\/schema\/person\/image\/","url":"https:\/\/secure.gravatar.com\/avatar\/914c7aef2b9be7d711cfdaf4b9a7cb2899a276ba8df01f54ce2f3d3f1798ca36?s=96&d=mm&r=g","contentUrl":"https:\/\/secure.gravatar.com\/avatar\/914c7aef2b9be7d711cfdaf4b9a7cb2899a276ba8df01f54ce2f3d3f1798ca36?s=96&d=mm&r=g","caption":"Isabel Norlin"}}]}},"_links":{"self":[{"href":"https:\/\/nordrest.fi\/sv\/wp-json\/wp\/v2\/posts\/15986","targetHints":{"allow":["GET"]}}],"collection":[{"href":"https:\/\/nordrest.fi\/sv\/wp-json\/wp\/v2\/posts"}],"about":[{"href":"https:\/\/nordrest.fi\/sv\/wp-json\/wp\/v2\/types\/post"}],"author":[{"embeddable":true,"href":"https:\/\/nordrest.fi\/sv\/wp-json\/wp\/v2\/users\/10"}],"replies":[{"embeddable":true,"href":"https:\/\/nordrest.fi\/sv\/wp-json\/wp\/v2\/comments?post=15986"}],"version-history":[{"count":0,"href":"https:\/\/nordrest.fi\/sv\/wp-json\/wp\/v2\/posts\/15986\/revisions"}],"wp:featuredmedia":[{"embeddable":true,"href":"https:\/\/nordrest.fi\/sv\/wp-json\/wp\/v2\/media\/15988"}],"wp:attachment":[{"href":"https:\/\/nordrest.fi\/sv\/wp-json\/wp\/v2\/media?parent=15986"}],"wp:term":[{"taxonomy":"category","embeddable":true,"href":"https:\/\/nordrest.fi\/sv\/wp-json\/wp\/v2\/categories?post=15986"},{"taxonomy":"post_tag","embeddable":true,"href":"https:\/\/nordrest.fi\/sv\/wp-json\/wp\/v2\/tags?post=15986"}],"curies":[{"name":"wp","href":"https:\/\/api.w.org\/{rel}","templated":true}]}}