{"id":15977,"date":"2024-12-12T09:19:15","date_gmt":"2024-12-12T08:19:15","guid":{"rendered":"https:\/\/www.nordrest.se\/?p=15977"},"modified":"2024-12-12T09:19:19","modified_gmt":"2024-12-12T08:19:19","slug":"nordrest-tar-over-restaurangverksamheten-pa-varmlands-museum","status":"publish","type":"post","link":"https:\/\/nordrest.fi\/sv\/nordrest-tar-over-restaurangverksamheten-pa-varmlands-museum\/","title":{"rendered":"Nordrest tar \u00f6ver restaurangverksamheten p\u00e5 V\u00e4rmlands Museum"},"content":{"rendered":"\n<p><strong>Nytt samarbete f\u00f6r h\u00e5llbar matupplevelse<\/strong><\/p>\n\n\n\n<p>Nordrest har valts ut som ny restaurat\u00f6r f\u00f6r V\u00e4rmlands Museums restaurang- och caf\u00e9verksamhet i Karlstad, med start i december. Med ett fokus p\u00e5 h\u00e5llbara och schyssta m\u00e5ltidsupplevelser ser Nordrest fram emot att skapa en inspirerande matupplevelse f\u00f6r alla museets bes\u00f6kare.<\/p>\n\n\n\n<p><em>&#8211; Vi p\u00e5 Nordrest \u00e4r oerh\u00f6rt glada \u00f6ver att f\u00e5 f\u00f6rtroendet att driva restaurang- och caf\u00e9verksamheten vid V\u00e4rmlands Museum. Vi ser fram emot att erbjuda v\u00e5ra g\u00e4ster h\u00f6gkvalitativa smakupplevelser och att samarbeta med lokala producenter f\u00f6r att fr\u00e4mja h\u00e5llbar matproduktion. Tillsammans med museets team arbetar vi f\u00f6r en smidig \u00f6verg\u00e5ng f\u00f6r b\u00e5de bes\u00f6kare och personal, s\u00e5 att alla kan k\u00e4nna sig v\u00e4lkomna och inspirerade vid varje bes\u00f6k, <\/em>s\u00e4ger Michael B\u00fchring, VD f\u00f6r Nordrest Restaurang.<\/p>\n\n\n\n<p>Nordrest planerar att driva verksamheten vidare i samma uppskattade anda, men med en s\u00e4rskild satsning p\u00e5 lokal och h\u00e5llbar matproduktion. Genom samarbete med lokala leverant\u00f6rer och med fokus p\u00e5 schyssta m\u00e5ltidsupplevelser vill Nordrest skapa en naturlig koppling mellan museets kulturhistoriska uppdrag och bes\u00f6karnas matupplevelser.<\/p>\n\n\n\n<p><em>&#8211; Vi \u00e4r otroligt glada att f\u00e5 v\u00e4lkomna Nordrest till V\u00e4rmlands Museum och ser fram emot ett gott och n\u00e4ra samarbete. Alla inblandade arbetar nu f\u00f6r en s\u00f6ml\u00f6s \u00f6verg\u00e5ng av verksamheten f\u00f6r s\u00e5v\u00e4l bes\u00f6kare som personal, <\/em>s\u00e4ger Susanne Olsson stf l\u00e4nsmuseichef, V\u00e4rmlands Museum.<\/p>\n\n\n\n<p>F\u00f6r Nordrest inneb\u00e4r det nya samarbetet en f\u00f6rst\u00e4rkning av f\u00f6retagets n\u00e4rvaro i kultursektorn, d\u00e4r de sedan oktober \u00e4ven driver restaurangen p\u00e5 Naturhistoriska riksmuseet i Stockholm.<\/p>\n\n\n\n<p><strong>F\u00f6r mer information, v\u00e4nligen kontakta:<\/strong><\/p>\n\n\n\n<p>Susanne Olsson, V\u00e4rmlands Museum, 054-701 19 10<br>Michael B\u00fchring, VD Nordrest Restauranger, 073-919 57 41<\/p>\n","protected":false},"excerpt":{"rendered":"<p>Nytt samarbete f\u00f6r h\u00e5llbar matupplevelse Nordrest har valts ut som ny restaurat\u00f6r f\u00f6r V\u00e4rmlands Museums restaurang- och caf\u00e9verksamhet i Karlstad, med start i december. Med ett fokus p\u00e5 h\u00e5llbara och schyssta m\u00e5ltidsupplevelser ser Nordrest fram emot att skapa en inspirerande matupplevelse f\u00f6r alla museets bes\u00f6kare. &#8211; Vi p\u00e5 Nordrest \u00e4r oerh\u00f6rt glada \u00f6ver att f\u00e5 [&hellip;]<\/p>\n","protected":false},"author":10,"featured_media":15983,"comment_status":"closed","ping_status":"closed","sticky":false,"template":"","format":"standard","meta":{"_acf_changed":false,"footnotes":""},"categories":[2],"tags":[],"class_list":["post-15977","post","type-post","status-publish","format-standard","has-post-thumbnail","hentry","category-uutiset"],"acf":[],"yoast_head":"<!-- This site is optimized with the Yoast SEO Premium plugin v22.0 (Yoast SEO v26.4) - https:\/\/yoast.com\/wordpress\/plugins\/seo\/ -->\n<title>Nordrest tar \u00f6ver restaurangverksamheten p\u00e5 V\u00e4rmlands Museum - Nordrest<\/title>\n<meta name=\"robots\" content=\"index, follow, max-snippet:-1, max-image-preview:large, max-video-preview:-1\" \/>\n<link rel=\"canonical\" href=\"https:\/\/nordrest.fi\/sv\/nordrest-tar-over-restaurangverksamheten-pa-varmlands-museum\/\" \/>\n<meta property=\"og:locale\" content=\"sv_SE\" \/>\n<meta property=\"og:type\" content=\"article\" \/>\n<meta property=\"og:title\" content=\"Nordrest tar \u00f6ver restaurangverksamheten p\u00e5 V\u00e4rmlands Museum\" \/>\n<meta property=\"og:description\" content=\"Nytt samarbete f\u00f6r h\u00e5llbar matupplevelse Nordrest har valts ut som ny restaurat\u00f6r f\u00f6r V\u00e4rmlands Museums restaurang- och caf\u00e9verksamhet i Karlstad, med start i december. Med ett fokus p\u00e5 h\u00e5llbara och schyssta m\u00e5ltidsupplevelser ser Nordrest fram emot att skapa en inspirerande matupplevelse f\u00f6r alla museets bes\u00f6kare. &#8211; Vi p\u00e5 Nordrest \u00e4r oerh\u00f6rt glada \u00f6ver att f\u00e5 [&hellip;]\" \/>\n<meta property=\"og:url\" content=\"https:\/\/nordrest.fi\/sv\/nordrest-tar-over-restaurangverksamheten-pa-varmlands-museum\/\" \/>\n<meta property=\"og:site_name\" content=\"Nordrest\" \/>\n<meta property=\"article:publisher\" content=\"https:\/\/www.facebook.com\/nordrest\/\" \/>\n<meta property=\"article:published_time\" content=\"2024-12-12T08:19:15+00:00\" \/>\n<meta property=\"article:modified_time\" content=\"2024-12-12T08:19:19+00:00\" \/>\n<meta property=\"og:image\" content=\"https:\/\/nordrest.fi\/wp-content\/uploads\/2024\/12\/Skarmavbild-2024-12-11-kl.-08.58.42-1000x441.png\" \/>\n\t<meta property=\"og:image:width\" content=\"1000\" \/>\n\t<meta property=\"og:image:height\" content=\"441\" \/>\n\t<meta property=\"og:image:type\" content=\"image\/png\" \/>\n<meta name=\"author\" content=\"Isabel Norlin\" \/>\n<meta name=\"twitter:card\" content=\"summary_large_image\" \/>\n<meta name=\"twitter:label1\" content=\"Skriven av\" \/>\n\t<meta name=\"twitter:data1\" content=\"Isabel Norlin\" \/>\n\t<meta name=\"twitter:label2\" content=\"Ber\u00e4knad l\u00e4stid\" \/>\n\t<meta name=\"twitter:data2\" content=\"2 minuter\" \/>\n<script type=\"application\/ld+json\" class=\"yoast-schema-graph\">{\"@context\":\"https:\/\/schema.org\",\"@graph\":[{\"@type\":\"Article\",\"@id\":\"https:\/\/nordrest.fi\/sv\/nordrest-tar-over-restaurangverksamheten-pa-varmlands-museum\/#article\",\"isPartOf\":{\"@id\":\"https:\/\/nordrest.fi\/sv\/nordrest-tar-over-restaurangverksamheten-pa-varmlands-museum\/\"},\"author\":{\"name\":\"Isabel Norlin\",\"@id\":\"https:\/\/nordrest.fi\/sv\/#\/schema\/person\/b0c518dfec193056ba54fe64573f2d6a\"},\"headline\":\"Nordrest tar \u00f6ver restaurangverksamheten p\u00e5 V\u00e4rmlands Museum\",\"datePublished\":\"2024-12-12T08:19:15+00:00\",\"dateModified\":\"2024-12-12T08:19:19+00:00\",\"mainEntityOfPage\":{\"@id\":\"https:\/\/nordrest.fi\/sv\/nordrest-tar-over-restaurangverksamheten-pa-varmlands-museum\/\"},\"wordCount\":316,\"publisher\":{\"@id\":\"https:\/\/nordrest.fi\/sv\/#organization\"},\"image\":{\"@id\":\"https:\/\/nordrest.fi\/sv\/nordrest-tar-over-restaurangverksamheten-pa-varmlands-museum\/#primaryimage\"},\"thumbnailUrl\":\"https:\/\/nordrest.fi\/wp-content\/uploads\/2024\/12\/Skarmavbild-2024-12-11-kl.-08.58.42.png\",\"articleSection\":[\"Uutiset\"],\"inLanguage\":\"sv-SE\"},{\"@type\":\"WebPage\",\"@id\":\"https:\/\/nordrest.fi\/sv\/nordrest-tar-over-restaurangverksamheten-pa-varmlands-museum\/\",\"url\":\"https:\/\/nordrest.fi\/sv\/nordrest-tar-over-restaurangverksamheten-pa-varmlands-museum\/\",\"name\":\"Nordrest tar \u00f6ver restaurangverksamheten p\u00e5 V\u00e4rmlands Museum - Nordrest\",\"isPartOf\":{\"@id\":\"https:\/\/nordrest.fi\/sv\/#website\"},\"primaryImageOfPage\":{\"@id\":\"https:\/\/nordrest.fi\/sv\/nordrest-tar-over-restaurangverksamheten-pa-varmlands-museum\/#primaryimage\"},\"image\":{\"@id\":\"https:\/\/nordrest.fi\/sv\/nordrest-tar-over-restaurangverksamheten-pa-varmlands-museum\/#primaryimage\"},\"thumbnailUrl\":\"https:\/\/nordrest.fi\/wp-content\/uploads\/2024\/12\/Skarmavbild-2024-12-11-kl.-08.58.42.png\",\"datePublished\":\"2024-12-12T08:19:15+00:00\",\"dateModified\":\"2024-12-12T08:19:19+00:00\",\"breadcrumb\":{\"@id\":\"https:\/\/nordrest.fi\/sv\/nordrest-tar-over-restaurangverksamheten-pa-varmlands-museum\/#breadcrumb\"},\"inLanguage\":\"sv-SE\",\"potentialAction\":[{\"@type\":\"ReadAction\",\"target\":[\"https:\/\/nordrest.fi\/sv\/nordrest-tar-over-restaurangverksamheten-pa-varmlands-museum\/\"]}]},{\"@type\":\"ImageObject\",\"inLanguage\":\"sv-SE\",\"@id\":\"https:\/\/nordrest.fi\/sv\/nordrest-tar-over-restaurangverksamheten-pa-varmlands-museum\/#primaryimage\",\"url\":\"https:\/\/nordrest.fi\/wp-content\/uploads\/2024\/12\/Skarmavbild-2024-12-11-kl.-08.58.42.png\",\"contentUrl\":\"https:\/\/nordrest.fi\/wp-content\/uploads\/2024\/12\/Skarmavbild-2024-12-11-kl.-08.58.42.png\",\"width\":2432,\"height\":1072},{\"@type\":\"BreadcrumbList\",\"@id\":\"https:\/\/nordrest.fi\/sv\/nordrest-tar-over-restaurangverksamheten-pa-varmlands-museum\/#breadcrumb\",\"itemListElement\":[{\"@type\":\"ListItem\",\"position\":1,\"name\":\"Hem\",\"item\":\"https:\/\/nordrest.fi\/sv\/\"},{\"@type\":\"ListItem\",\"position\":2,\"name\":\"Nordrest tar \u00f6ver restaurangverksamheten p\u00e5 V\u00e4rmlands Museum\"}]},{\"@type\":\"WebSite\",\"@id\":\"https:\/\/nordrest.fi\/sv\/#website\",\"url\":\"https:\/\/nordrest.fi\/sv\/\",\"name\":\"Nordrest\",\"description\":\"En schysstare m\u00e5ltidsupplevelse\",\"publisher\":{\"@id\":\"https:\/\/nordrest.fi\/sv\/#organization\"},\"potentialAction\":[{\"@type\":\"SearchAction\",\"target\":{\"@type\":\"EntryPoint\",\"urlTemplate\":\"https:\/\/nordrest.fi\/sv\/?s={search_term_string}\"},\"query-input\":{\"@type\":\"PropertyValueSpecification\",\"valueRequired\":true,\"valueName\":\"search_term_string\"}}],\"inLanguage\":\"sv-SE\"},{\"@type\":\"Organization\",\"@id\":\"https:\/\/nordrest.fi\/sv\/#organization\",\"name\":\"Nordrest\",\"url\":\"https:\/\/nordrest.fi\/sv\/\",\"logo\":{\"@type\":\"ImageObject\",\"inLanguage\":\"sv-SE\",\"@id\":\"https:\/\/nordrest.fi\/sv\/#\/schema\/logo\/image\/\",\"url\":\"https:\/\/nordrest.fi\/wp-content\/uploads\/2019\/12\/Nordrest-Core-HQ-Logotyp-Liggande-Primar-Original.svg\",\"contentUrl\":\"https:\/\/nordrest.fi\/wp-content\/uploads\/2019\/12\/Nordrest-Core-HQ-Logotyp-Liggande-Primar-Original.svg\",\"width\":1500,\"height\":354,\"caption\":\"Nordrest\"},\"image\":{\"@id\":\"https:\/\/nordrest.fi\/sv\/#\/schema\/logo\/image\/\"},\"sameAs\":[\"https:\/\/www.facebook.com\/nordrest\/\"]},{\"@type\":\"Person\",\"@id\":\"https:\/\/nordrest.fi\/sv\/#\/schema\/person\/b0c518dfec193056ba54fe64573f2d6a\",\"name\":\"Isabel Norlin\",\"image\":{\"@type\":\"ImageObject\",\"inLanguage\":\"sv-SE\",\"@id\":\"https:\/\/nordrest.fi\/sv\/#\/schema\/person\/image\/\",\"url\":\"https:\/\/secure.gravatar.com\/avatar\/914c7aef2b9be7d711cfdaf4b9a7cb2899a276ba8df01f54ce2f3d3f1798ca36?s=96&d=mm&r=g\",\"contentUrl\":\"https:\/\/secure.gravatar.com\/avatar\/914c7aef2b9be7d711cfdaf4b9a7cb2899a276ba8df01f54ce2f3d3f1798ca36?s=96&d=mm&r=g\",\"caption\":\"Isabel Norlin\"}}]}<\/script>\n<!-- \/ Yoast SEO Premium plugin. -->","yoast_head_json":{"title":"Nordrest tar \u00f6ver restaurangverksamheten p\u00e5 V\u00e4rmlands Museum - Nordrest","robots":{"index":"index","follow":"follow","max-snippet":"max-snippet:-1","max-image-preview":"max-image-preview:large","max-video-preview":"max-video-preview:-1"},"canonical":"https:\/\/nordrest.fi\/sv\/nordrest-tar-over-restaurangverksamheten-pa-varmlands-museum\/","og_locale":"sv_SE","og_type":"article","og_title":"Nordrest tar \u00f6ver restaurangverksamheten p\u00e5 V\u00e4rmlands Museum","og_description":"Nytt samarbete f\u00f6r h\u00e5llbar matupplevelse Nordrest har valts ut som ny restaurat\u00f6r f\u00f6r V\u00e4rmlands Museums restaurang- och caf\u00e9verksamhet i Karlstad, med start i december. Med ett fokus p\u00e5 h\u00e5llbara och schyssta m\u00e5ltidsupplevelser ser Nordrest fram emot att skapa en inspirerande matupplevelse f\u00f6r alla museets bes\u00f6kare. &#8211; Vi p\u00e5 Nordrest \u00e4r oerh\u00f6rt glada \u00f6ver att f\u00e5 [&hellip;]","og_url":"https:\/\/nordrest.fi\/sv\/nordrest-tar-over-restaurangverksamheten-pa-varmlands-museum\/","og_site_name":"Nordrest","article_publisher":"https:\/\/www.facebook.com\/nordrest\/","article_published_time":"2024-12-12T08:19:15+00:00","article_modified_time":"2024-12-12T08:19:19+00:00","og_image":[{"width":1000,"height":441,"url":"https:\/\/nordrest.fi\/wp-content\/uploads\/2024\/12\/Skarmavbild-2024-12-11-kl.-08.58.42-1000x441.png","type":"image\/png"}],"author":"Isabel Norlin","twitter_card":"summary_large_image","twitter_misc":{"Skriven av":"Isabel Norlin","Ber\u00e4knad l\u00e4stid":"2 minuter"},"schema":{"@context":"https:\/\/schema.org","@graph":[{"@type":"Article","@id":"https:\/\/nordrest.fi\/sv\/nordrest-tar-over-restaurangverksamheten-pa-varmlands-museum\/#article","isPartOf":{"@id":"https:\/\/nordrest.fi\/sv\/nordrest-tar-over-restaurangverksamheten-pa-varmlands-museum\/"},"author":{"name":"Isabel Norlin","@id":"https:\/\/nordrest.fi\/sv\/#\/schema\/person\/b0c518dfec193056ba54fe64573f2d6a"},"headline":"Nordrest tar \u00f6ver restaurangverksamheten p\u00e5 V\u00e4rmlands Museum","datePublished":"2024-12-12T08:19:15+00:00","dateModified":"2024-12-12T08:19:19+00:00","mainEntityOfPage":{"@id":"https:\/\/nordrest.fi\/sv\/nordrest-tar-over-restaurangverksamheten-pa-varmlands-museum\/"},"wordCount":316,"publisher":{"@id":"https:\/\/nordrest.fi\/sv\/#organization"},"image":{"@id":"https:\/\/nordrest.fi\/sv\/nordrest-tar-over-restaurangverksamheten-pa-varmlands-museum\/#primaryimage"},"thumbnailUrl":"https:\/\/nordrest.fi\/wp-content\/uploads\/2024\/12\/Skarmavbild-2024-12-11-kl.-08.58.42.png","articleSection":["Uutiset"],"inLanguage":"sv-SE"},{"@type":"WebPage","@id":"https:\/\/nordrest.fi\/sv\/nordrest-tar-over-restaurangverksamheten-pa-varmlands-museum\/","url":"https:\/\/nordrest.fi\/sv\/nordrest-tar-over-restaurangverksamheten-pa-varmlands-museum\/","name":"Nordrest tar \u00f6ver restaurangverksamheten p\u00e5 V\u00e4rmlands Museum - Nordrest","isPartOf":{"@id":"https:\/\/nordrest.fi\/sv\/#website"},"primaryImageOfPage":{"@id":"https:\/\/nordrest.fi\/sv\/nordrest-tar-over-restaurangverksamheten-pa-varmlands-museum\/#primaryimage"},"image":{"@id":"https:\/\/nordrest.fi\/sv\/nordrest-tar-over-restaurangverksamheten-pa-varmlands-museum\/#primaryimage"},"thumbnailUrl":"https:\/\/nordrest.fi\/wp-content\/uploads\/2024\/12\/Skarmavbild-2024-12-11-kl.-08.58.42.png","datePublished":"2024-12-12T08:19:15+00:00","dateModified":"2024-12-12T08:19:19+00:00","breadcrumb":{"@id":"https:\/\/nordrest.fi\/sv\/nordrest-tar-over-restaurangverksamheten-pa-varmlands-museum\/#breadcrumb"},"inLanguage":"sv-SE","potentialAction":[{"@type":"ReadAction","target":["https:\/\/nordrest.fi\/sv\/nordrest-tar-over-restaurangverksamheten-pa-varmlands-museum\/"]}]},{"@type":"ImageObject","inLanguage":"sv-SE","@id":"https:\/\/nordrest.fi\/sv\/nordrest-tar-over-restaurangverksamheten-pa-varmlands-museum\/#primaryimage","url":"https:\/\/nordrest.fi\/wp-content\/uploads\/2024\/12\/Skarmavbild-2024-12-11-kl.-08.58.42.png","contentUrl":"https:\/\/nordrest.fi\/wp-content\/uploads\/2024\/12\/Skarmavbild-2024-12-11-kl.-08.58.42.png","width":2432,"height":1072},{"@type":"BreadcrumbList","@id":"https:\/\/nordrest.fi\/sv\/nordrest-tar-over-restaurangverksamheten-pa-varmlands-museum\/#breadcrumb","itemListElement":[{"@type":"ListItem","position":1,"name":"Hem","item":"https:\/\/nordrest.fi\/sv\/"},{"@type":"ListItem","position":2,"name":"Nordrest tar \u00f6ver restaurangverksamheten p\u00e5 V\u00e4rmlands Museum"}]},{"@type":"WebSite","@id":"https:\/\/nordrest.fi\/sv\/#website","url":"https:\/\/nordrest.fi\/sv\/","name":"Nordrest","description":"En schysstare m\u00e5ltidsupplevelse","publisher":{"@id":"https:\/\/nordrest.fi\/sv\/#organization"},"potentialAction":[{"@type":"SearchAction","target":{"@type":"EntryPoint","urlTemplate":"https:\/\/nordrest.fi\/sv\/?s={search_term_string}"},"query-input":{"@type":"PropertyValueSpecification","valueRequired":true,"valueName":"search_term_string"}}],"inLanguage":"sv-SE"},{"@type":"Organization","@id":"https:\/\/nordrest.fi\/sv\/#organization","name":"Nordrest","url":"https:\/\/nordrest.fi\/sv\/","logo":{"@type":"ImageObject","inLanguage":"sv-SE","@id":"https:\/\/nordrest.fi\/sv\/#\/schema\/logo\/image\/","url":"https:\/\/nordrest.fi\/wp-content\/uploads\/2019\/12\/Nordrest-Core-HQ-Logotyp-Liggande-Primar-Original.svg","contentUrl":"https:\/\/nordrest.fi\/wp-content\/uploads\/2019\/12\/Nordrest-Core-HQ-Logotyp-Liggande-Primar-Original.svg","width":1500,"height":354,"caption":"Nordrest"},"image":{"@id":"https:\/\/nordrest.fi\/sv\/#\/schema\/logo\/image\/"},"sameAs":["https:\/\/www.facebook.com\/nordrest\/"]},{"@type":"Person","@id":"https:\/\/nordrest.fi\/sv\/#\/schema\/person\/b0c518dfec193056ba54fe64573f2d6a","name":"Isabel Norlin","image":{"@type":"ImageObject","inLanguage":"sv-SE","@id":"https:\/\/nordrest.fi\/sv\/#\/schema\/person\/image\/","url":"https:\/\/secure.gravatar.com\/avatar\/914c7aef2b9be7d711cfdaf4b9a7cb2899a276ba8df01f54ce2f3d3f1798ca36?s=96&d=mm&r=g","contentUrl":"https:\/\/secure.gravatar.com\/avatar\/914c7aef2b9be7d711cfdaf4b9a7cb2899a276ba8df01f54ce2f3d3f1798ca36?s=96&d=mm&r=g","caption":"Isabel Norlin"}}]}},"_links":{"self":[{"href":"https:\/\/nordrest.fi\/sv\/wp-json\/wp\/v2\/posts\/15977","targetHints":{"allow":["GET"]}}],"collection":[{"href":"https:\/\/nordrest.fi\/sv\/wp-json\/wp\/v2\/posts"}],"about":[{"href":"https:\/\/nordrest.fi\/sv\/wp-json\/wp\/v2\/types\/post"}],"author":[{"embeddable":true,"href":"https:\/\/nordrest.fi\/sv\/wp-json\/wp\/v2\/users\/10"}],"replies":[{"embeddable":true,"href":"https:\/\/nordrest.fi\/sv\/wp-json\/wp\/v2\/comments?post=15977"}],"version-history":[{"count":0,"href":"https:\/\/nordrest.fi\/sv\/wp-json\/wp\/v2\/posts\/15977\/revisions"}],"wp:featuredmedia":[{"embeddable":true,"href":"https:\/\/nordrest.fi\/sv\/wp-json\/wp\/v2\/media\/15983"}],"wp:attachment":[{"href":"https:\/\/nordrest.fi\/sv\/wp-json\/wp\/v2\/media?parent=15977"}],"wp:term":[{"taxonomy":"category","embeddable":true,"href":"https:\/\/nordrest.fi\/sv\/wp-json\/wp\/v2\/categories?post=15977"},{"taxonomy":"post_tag","embeddable":true,"href":"https:\/\/nordrest.fi\/sv\/wp-json\/wp\/v2\/tags?post=15977"}],"curies":[{"name":"wp","href":"https:\/\/api.w.org\/{rel}","templated":true}]}}