{"id":15344,"date":"2024-10-14T06:30:00","date_gmt":"2024-10-14T04:30:00","guid":{"rendered":"https:\/\/www.nordrest.se\/?p=15344"},"modified":"2024-10-10T20:05:34","modified_gmt":"2024-10-10T18:05:34","slug":"nordrest-tar-over-driften-av-naturhistoriska-riksmuseets-restaurang","status":"publish","type":"post","link":"https:\/\/nordrest.fi\/sv\/nordrest-tar-over-driften-av-naturhistoriska-riksmuseets-restaurang\/","title":{"rendered":"Nordrest har tagit \u00f6ver driften av Naturhistoriska riksmuseets restaurang."},"content":{"rendered":"\n<p>Den 1 oktober \u00f6ppnade vi d\u00f6rrarna till <a href=\"https:\/\/nordrest.fi\/restaurang\/bistro-naturhistoriska\/\" target=\"_blank\" rel=\"noreferrer noopener\">Bistro Naturhistoriska<\/a>, en restaurang mitt i hj\u00e4rtat av Naturhistoriska\u00a0riksmuseet i Stockholm. V\u00e5r ambition \u00e4r att ta hand om och vidareutveckla denna p\u00e4rla samt g\u00f6ra den till en sj\u00e4lvklar del av museibes\u00f6ket.<\/p>\n\n\n\n<p>&#8221;Det \u00e4r riktigt sp\u00e4nnande att f\u00e5 skapa en plats d\u00e4r b\u00e5de stora och sm\u00e5 kan njuta av god mat i en h\u00e4rlig milj\u00f6,&#8221; s\u00e4ger Michael B\u00fchring, VD f\u00f6r Nordrest restauranger. &#8221;P\u00e5 Nordrest serverar vi mat som b\u00e5de smakar gott och k\u00e4nns r\u00e4tt i hj\u00e4rtat, med h\u00e5llbarhet som en utg\u00e5ngspunkt i allt vi g\u00f6r.<\/p>\n\n\n\n<p>F\u00f6r att skapa en \u00e4nnu varmare och mer inbjudande atmosf\u00e4r har vi piffat upp lokalen med sm\u00e5 detaljer som g\u00f6r stor skillnad \u2013 f\u00f6r att g\u00e4sterna ska k\u00e4nna sig v\u00e4lkomna till en trivsam milj\u00f6. Menyn erbjuder n\u00e5got f\u00f6r alla smaker, med h\u00e5llbara och n\u00e4ringsrika r\u00e4tter f\u00f6r b\u00e5de den som f\u00f6redrar v\u00e4xtbaserade alternativ och den som l\u00e4ngtar efter en klassisk favorit. Lunchen bjuder p\u00e5 tre olika r\u00e4tter (en k\u00f6tt, en fisk och en veg) samt en gener\u00f6s sallads- och tillbeh\u00f6rsbuff\u00e9 d\u00e4r g\u00e4sterna kan plocka precis vad de \u00f6nskar. Dessutom finns pannkakor och belgiska v\u00e5fflor med olika tillbeh\u00f6r, samt sj\u00e4lvklart riktigt god fika att njuta av.<\/p>\n\n\n\n<p>Veckans meny och mer information hittar ni <a href=\"https:\/\/nordrest.fi\/restaurang\/bistro-naturhistoriska\/\" target=\"_blank\" rel=\"noreferrer noopener\">h\u00e4r.<\/a> <\/p>\n\n\n\n<p>Dagens lunch serveras varje vardag kl. 11:00-14:00 (m\u00e5n \u2013 fre).\u00a0<br>Klassiska r\u00e4tter som alltid finns p\u00e5 menyn serveras hela veckan 11:00-15.30 (m\u00e5n-s\u00f6n).\u00a0<br>Kaf\u00e9et h\u00e5ller \u00f6ppet l\u00e4ngre f\u00f6r dig som vill ta en fika eller l\u00e4ttare m\u00e5ltid. Vi serverar kl. 11:00-17:00 (M\u00e5n \u2013 Fre) och kl. 10:00-17:00 (L\u00f6r \u2013 S\u00f6n).<\/p>\n\n\n\n<p>V\u00e4lkomna till Bistro Naturhistoriska!<\/p>\n","protected":false},"excerpt":{"rendered":"<p>Den 1 oktober \u00f6ppnade vi d\u00f6rrarna till Bistro Naturhistoriska, en restaurang mitt i hj\u00e4rtat av Naturhistoriska\u00a0riksmuseet i Stockholm. V\u00e5r ambition \u00e4r att ta hand om och vidareutveckla denna p\u00e4rla samt g\u00f6ra den till en sj\u00e4lvklar del av museibes\u00f6ket. &#8221;Det \u00e4r riktigt sp\u00e4nnande att f\u00e5 skapa en plats d\u00e4r b\u00e5de stora och sm\u00e5 kan njuta av [&hellip;]<\/p>\n","protected":false},"author":10,"featured_media":15346,"comment_status":"closed","ping_status":"closed","sticky":false,"template":"","format":"standard","meta":{"_acf_changed":false,"footnotes":""},"categories":[2],"tags":[],"class_list":["post-15344","post","type-post","status-publish","format-standard","has-post-thumbnail","hentry","category-uutiset"],"acf":[],"yoast_head":"<!-- This site is optimized with the Yoast SEO Premium plugin v22.0 (Yoast SEO v26.4) - https:\/\/yoast.com\/wordpress\/plugins\/seo\/ -->\n<title>Nordrest har tagit \u00f6ver driften av Naturhistoriska riksmuseets restaurang. - Nordrest<\/title>\n<meta name=\"robots\" content=\"index, follow, max-snippet:-1, max-image-preview:large, max-video-preview:-1\" \/>\n<link rel=\"canonical\" href=\"https:\/\/nordrest.fi\/sv\/nordrest-tar-over-driften-av-naturhistoriska-riksmuseets-restaurang\/\" \/>\n<meta property=\"og:locale\" content=\"sv_SE\" \/>\n<meta property=\"og:type\" content=\"article\" \/>\n<meta property=\"og:title\" content=\"Nordrest har tagit \u00f6ver driften av Naturhistoriska riksmuseets restaurang.\" \/>\n<meta property=\"og:description\" content=\"Den 1 oktober \u00f6ppnade vi d\u00f6rrarna till Bistro Naturhistoriska, en restaurang mitt i hj\u00e4rtat av Naturhistoriska\u00a0riksmuseet i Stockholm. V\u00e5r ambition \u00e4r att ta hand om och vidareutveckla denna p\u00e4rla samt g\u00f6ra den till en sj\u00e4lvklar del av museibes\u00f6ket. &#8221;Det \u00e4r riktigt sp\u00e4nnande att f\u00e5 skapa en plats d\u00e4r b\u00e5de stora och sm\u00e5 kan njuta av [&hellip;]\" \/>\n<meta property=\"og:url\" content=\"https:\/\/nordrest.fi\/sv\/nordrest-tar-over-driften-av-naturhistoriska-riksmuseets-restaurang\/\" \/>\n<meta property=\"og:site_name\" content=\"Nordrest\" \/>\n<meta property=\"article:publisher\" content=\"https:\/\/www.facebook.com\/nordrest\/\" \/>\n<meta property=\"article:published_time\" content=\"2024-10-14T04:30:00+00:00\" \/>\n<meta property=\"og:image\" content=\"https:\/\/nordrest.fi\/wp-content\/uploads\/2024\/10\/Bistro-Naturhistoriska-1000x667.png\" \/>\n\t<meta property=\"og:image:width\" content=\"1000\" \/>\n\t<meta property=\"og:image:height\" content=\"667\" \/>\n\t<meta property=\"og:image:type\" content=\"image\/png\" \/>\n<meta name=\"author\" content=\"Isabel Norlin\" \/>\n<meta name=\"twitter:card\" content=\"summary_large_image\" \/>\n<meta name=\"twitter:label1\" content=\"Skriven av\" \/>\n\t<meta name=\"twitter:data1\" content=\"Isabel Norlin\" \/>\n\t<meta name=\"twitter:label2\" content=\"Ber\u00e4knad l\u00e4stid\" \/>\n\t<meta name=\"twitter:data2\" content=\"2 minuter\" \/>\n<script type=\"application\/ld+json\" class=\"yoast-schema-graph\">{\"@context\":\"https:\/\/schema.org\",\"@graph\":[{\"@type\":\"Article\",\"@id\":\"https:\/\/nordrest.fi\/sv\/nordrest-tar-over-driften-av-naturhistoriska-riksmuseets-restaurang\/#article\",\"isPartOf\":{\"@id\":\"https:\/\/nordrest.fi\/sv\/nordrest-tar-over-driften-av-naturhistoriska-riksmuseets-restaurang\/\"},\"author\":{\"name\":\"Isabel Norlin\",\"@id\":\"https:\/\/nordrest.fi\/sv\/#\/schema\/person\/b0c518dfec193056ba54fe64573f2d6a\"},\"headline\":\"Nordrest har tagit \u00f6ver driften av Naturhistoriska riksmuseets restaurang.\",\"datePublished\":\"2024-10-14T04:30:00+00:00\",\"mainEntityOfPage\":{\"@id\":\"https:\/\/nordrest.fi\/sv\/nordrest-tar-over-driften-av-naturhistoriska-riksmuseets-restaurang\/\"},\"wordCount\":323,\"publisher\":{\"@id\":\"https:\/\/nordrest.fi\/sv\/#organization\"},\"image\":{\"@id\":\"https:\/\/nordrest.fi\/sv\/nordrest-tar-over-driften-av-naturhistoriska-riksmuseets-restaurang\/#primaryimage\"},\"thumbnailUrl\":\"https:\/\/nordrest.fi\/wp-content\/uploads\/2024\/10\/Bistro-Naturhistoriska.png\",\"articleSection\":[\"Uutiset\"],\"inLanguage\":\"sv-SE\"},{\"@type\":\"WebPage\",\"@id\":\"https:\/\/nordrest.fi\/sv\/nordrest-tar-over-driften-av-naturhistoriska-riksmuseets-restaurang\/\",\"url\":\"https:\/\/nordrest.fi\/sv\/nordrest-tar-over-driften-av-naturhistoriska-riksmuseets-restaurang\/\",\"name\":\"Nordrest har tagit \u00f6ver driften av Naturhistoriska riksmuseets restaurang. - Nordrest\",\"isPartOf\":{\"@id\":\"https:\/\/nordrest.fi\/sv\/#website\"},\"primaryImageOfPage\":{\"@id\":\"https:\/\/nordrest.fi\/sv\/nordrest-tar-over-driften-av-naturhistoriska-riksmuseets-restaurang\/#primaryimage\"},\"image\":{\"@id\":\"https:\/\/nordrest.fi\/sv\/nordrest-tar-over-driften-av-naturhistoriska-riksmuseets-restaurang\/#primaryimage\"},\"thumbnailUrl\":\"https:\/\/nordrest.fi\/wp-content\/uploads\/2024\/10\/Bistro-Naturhistoriska.png\",\"datePublished\":\"2024-10-14T04:30:00+00:00\",\"breadcrumb\":{\"@id\":\"https:\/\/nordrest.fi\/sv\/nordrest-tar-over-driften-av-naturhistoriska-riksmuseets-restaurang\/#breadcrumb\"},\"inLanguage\":\"sv-SE\",\"potentialAction\":[{\"@type\":\"ReadAction\",\"target\":[\"https:\/\/nordrest.fi\/sv\/nordrest-tar-over-driften-av-naturhistoriska-riksmuseets-restaurang\/\"]}]},{\"@type\":\"ImageObject\",\"inLanguage\":\"sv-SE\",\"@id\":\"https:\/\/nordrest.fi\/sv\/nordrest-tar-over-driften-av-naturhistoriska-riksmuseets-restaurang\/#primaryimage\",\"url\":\"https:\/\/nordrest.fi\/wp-content\/uploads\/2024\/10\/Bistro-Naturhistoriska.png\",\"contentUrl\":\"https:\/\/nordrest.fi\/wp-content\/uploads\/2024\/10\/Bistro-Naturhistoriska.png\",\"width\":1500,\"height\":1000,\"caption\":\"Bistro Naturhistoriska\"},{\"@type\":\"BreadcrumbList\",\"@id\":\"https:\/\/nordrest.fi\/sv\/nordrest-tar-over-driften-av-naturhistoriska-riksmuseets-restaurang\/#breadcrumb\",\"itemListElement\":[{\"@type\":\"ListItem\",\"position\":1,\"name\":\"Hem\",\"item\":\"https:\/\/nordrest.fi\/sv\/\"},{\"@type\":\"ListItem\",\"position\":2,\"name\":\"Nordrest har tagit \u00f6ver driften av Naturhistoriska riksmuseets restaurang.\"}]},{\"@type\":\"WebSite\",\"@id\":\"https:\/\/nordrest.fi\/sv\/#website\",\"url\":\"https:\/\/nordrest.fi\/sv\/\",\"name\":\"Nordrest\",\"description\":\"En schysstare m\u00e5ltidsupplevelse\",\"publisher\":{\"@id\":\"https:\/\/nordrest.fi\/sv\/#organization\"},\"potentialAction\":[{\"@type\":\"SearchAction\",\"target\":{\"@type\":\"EntryPoint\",\"urlTemplate\":\"https:\/\/nordrest.fi\/sv\/?s={search_term_string}\"},\"query-input\":{\"@type\":\"PropertyValueSpecification\",\"valueRequired\":true,\"valueName\":\"search_term_string\"}}],\"inLanguage\":\"sv-SE\"},{\"@type\":\"Organization\",\"@id\":\"https:\/\/nordrest.fi\/sv\/#organization\",\"name\":\"Nordrest\",\"url\":\"https:\/\/nordrest.fi\/sv\/\",\"logo\":{\"@type\":\"ImageObject\",\"inLanguage\":\"sv-SE\",\"@id\":\"https:\/\/nordrest.fi\/sv\/#\/schema\/logo\/image\/\",\"url\":\"https:\/\/nordrest.fi\/wp-content\/uploads\/2019\/12\/Nordrest-Core-HQ-Logotyp-Liggande-Primar-Original.svg\",\"contentUrl\":\"https:\/\/nordrest.fi\/wp-content\/uploads\/2019\/12\/Nordrest-Core-HQ-Logotyp-Liggande-Primar-Original.svg\",\"width\":1500,\"height\":354,\"caption\":\"Nordrest\"},\"image\":{\"@id\":\"https:\/\/nordrest.fi\/sv\/#\/schema\/logo\/image\/\"},\"sameAs\":[\"https:\/\/www.facebook.com\/nordrest\/\"]},{\"@type\":\"Person\",\"@id\":\"https:\/\/nordrest.fi\/sv\/#\/schema\/person\/b0c518dfec193056ba54fe64573f2d6a\",\"name\":\"Isabel Norlin\",\"image\":{\"@type\":\"ImageObject\",\"inLanguage\":\"sv-SE\",\"@id\":\"https:\/\/nordrest.fi\/sv\/#\/schema\/person\/image\/\",\"url\":\"https:\/\/secure.gravatar.com\/avatar\/914c7aef2b9be7d711cfdaf4b9a7cb2899a276ba8df01f54ce2f3d3f1798ca36?s=96&d=mm&r=g\",\"contentUrl\":\"https:\/\/secure.gravatar.com\/avatar\/914c7aef2b9be7d711cfdaf4b9a7cb2899a276ba8df01f54ce2f3d3f1798ca36?s=96&d=mm&r=g\",\"caption\":\"Isabel Norlin\"}}]}<\/script>\n<!-- \/ Yoast SEO Premium plugin. -->","yoast_head_json":{"title":"Nordrest har tagit \u00f6ver driften av Naturhistoriska riksmuseets restaurang. - Nordrest","robots":{"index":"index","follow":"follow","max-snippet":"max-snippet:-1","max-image-preview":"max-image-preview:large","max-video-preview":"max-video-preview:-1"},"canonical":"https:\/\/nordrest.fi\/sv\/nordrest-tar-over-driften-av-naturhistoriska-riksmuseets-restaurang\/","og_locale":"sv_SE","og_type":"article","og_title":"Nordrest har tagit \u00f6ver driften av Naturhistoriska riksmuseets restaurang.","og_description":"Den 1 oktober \u00f6ppnade vi d\u00f6rrarna till Bistro Naturhistoriska, en restaurang mitt i hj\u00e4rtat av Naturhistoriska\u00a0riksmuseet i Stockholm. V\u00e5r ambition \u00e4r att ta hand om och vidareutveckla denna p\u00e4rla samt g\u00f6ra den till en sj\u00e4lvklar del av museibes\u00f6ket. &#8221;Det \u00e4r riktigt sp\u00e4nnande att f\u00e5 skapa en plats d\u00e4r b\u00e5de stora och sm\u00e5 kan njuta av [&hellip;]","og_url":"https:\/\/nordrest.fi\/sv\/nordrest-tar-over-driften-av-naturhistoriska-riksmuseets-restaurang\/","og_site_name":"Nordrest","article_publisher":"https:\/\/www.facebook.com\/nordrest\/","article_published_time":"2024-10-14T04:30:00+00:00","og_image":[{"width":1000,"height":667,"url":"https:\/\/nordrest.fi\/wp-content\/uploads\/2024\/10\/Bistro-Naturhistoriska-1000x667.png","type":"image\/png"}],"author":"Isabel Norlin","twitter_card":"summary_large_image","twitter_misc":{"Skriven av":"Isabel Norlin","Ber\u00e4knad l\u00e4stid":"2 minuter"},"schema":{"@context":"https:\/\/schema.org","@graph":[{"@type":"Article","@id":"https:\/\/nordrest.fi\/sv\/nordrest-tar-over-driften-av-naturhistoriska-riksmuseets-restaurang\/#article","isPartOf":{"@id":"https:\/\/nordrest.fi\/sv\/nordrest-tar-over-driften-av-naturhistoriska-riksmuseets-restaurang\/"},"author":{"name":"Isabel Norlin","@id":"https:\/\/nordrest.fi\/sv\/#\/schema\/person\/b0c518dfec193056ba54fe64573f2d6a"},"headline":"Nordrest har tagit \u00f6ver driften av Naturhistoriska riksmuseets restaurang.","datePublished":"2024-10-14T04:30:00+00:00","mainEntityOfPage":{"@id":"https:\/\/nordrest.fi\/sv\/nordrest-tar-over-driften-av-naturhistoriska-riksmuseets-restaurang\/"},"wordCount":323,"publisher":{"@id":"https:\/\/nordrest.fi\/sv\/#organization"},"image":{"@id":"https:\/\/nordrest.fi\/sv\/nordrest-tar-over-driften-av-naturhistoriska-riksmuseets-restaurang\/#primaryimage"},"thumbnailUrl":"https:\/\/nordrest.fi\/wp-content\/uploads\/2024\/10\/Bistro-Naturhistoriska.png","articleSection":["Uutiset"],"inLanguage":"sv-SE"},{"@type":"WebPage","@id":"https:\/\/nordrest.fi\/sv\/nordrest-tar-over-driften-av-naturhistoriska-riksmuseets-restaurang\/","url":"https:\/\/nordrest.fi\/sv\/nordrest-tar-over-driften-av-naturhistoriska-riksmuseets-restaurang\/","name":"Nordrest har tagit \u00f6ver driften av Naturhistoriska riksmuseets restaurang. - Nordrest","isPartOf":{"@id":"https:\/\/nordrest.fi\/sv\/#website"},"primaryImageOfPage":{"@id":"https:\/\/nordrest.fi\/sv\/nordrest-tar-over-driften-av-naturhistoriska-riksmuseets-restaurang\/#primaryimage"},"image":{"@id":"https:\/\/nordrest.fi\/sv\/nordrest-tar-over-driften-av-naturhistoriska-riksmuseets-restaurang\/#primaryimage"},"thumbnailUrl":"https:\/\/nordrest.fi\/wp-content\/uploads\/2024\/10\/Bistro-Naturhistoriska.png","datePublished":"2024-10-14T04:30:00+00:00","breadcrumb":{"@id":"https:\/\/nordrest.fi\/sv\/nordrest-tar-over-driften-av-naturhistoriska-riksmuseets-restaurang\/#breadcrumb"},"inLanguage":"sv-SE","potentialAction":[{"@type":"ReadAction","target":["https:\/\/nordrest.fi\/sv\/nordrest-tar-over-driften-av-naturhistoriska-riksmuseets-restaurang\/"]}]},{"@type":"ImageObject","inLanguage":"sv-SE","@id":"https:\/\/nordrest.fi\/sv\/nordrest-tar-over-driften-av-naturhistoriska-riksmuseets-restaurang\/#primaryimage","url":"https:\/\/nordrest.fi\/wp-content\/uploads\/2024\/10\/Bistro-Naturhistoriska.png","contentUrl":"https:\/\/nordrest.fi\/wp-content\/uploads\/2024\/10\/Bistro-Naturhistoriska.png","width":1500,"height":1000,"caption":"Bistro Naturhistoriska"},{"@type":"BreadcrumbList","@id":"https:\/\/nordrest.fi\/sv\/nordrest-tar-over-driften-av-naturhistoriska-riksmuseets-restaurang\/#breadcrumb","itemListElement":[{"@type":"ListItem","position":1,"name":"Hem","item":"https:\/\/nordrest.fi\/sv\/"},{"@type":"ListItem","position":2,"name":"Nordrest har tagit \u00f6ver driften av Naturhistoriska riksmuseets restaurang."}]},{"@type":"WebSite","@id":"https:\/\/nordrest.fi\/sv\/#website","url":"https:\/\/nordrest.fi\/sv\/","name":"Nordrest","description":"En schysstare m\u00e5ltidsupplevelse","publisher":{"@id":"https:\/\/nordrest.fi\/sv\/#organization"},"potentialAction":[{"@type":"SearchAction","target":{"@type":"EntryPoint","urlTemplate":"https:\/\/nordrest.fi\/sv\/?s={search_term_string}"},"query-input":{"@type":"PropertyValueSpecification","valueRequired":true,"valueName":"search_term_string"}}],"inLanguage":"sv-SE"},{"@type":"Organization","@id":"https:\/\/nordrest.fi\/sv\/#organization","name":"Nordrest","url":"https:\/\/nordrest.fi\/sv\/","logo":{"@type":"ImageObject","inLanguage":"sv-SE","@id":"https:\/\/nordrest.fi\/sv\/#\/schema\/logo\/image\/","url":"https:\/\/nordrest.fi\/wp-content\/uploads\/2019\/12\/Nordrest-Core-HQ-Logotyp-Liggande-Primar-Original.svg","contentUrl":"https:\/\/nordrest.fi\/wp-content\/uploads\/2019\/12\/Nordrest-Core-HQ-Logotyp-Liggande-Primar-Original.svg","width":1500,"height":354,"caption":"Nordrest"},"image":{"@id":"https:\/\/nordrest.fi\/sv\/#\/schema\/logo\/image\/"},"sameAs":["https:\/\/www.facebook.com\/nordrest\/"]},{"@type":"Person","@id":"https:\/\/nordrest.fi\/sv\/#\/schema\/person\/b0c518dfec193056ba54fe64573f2d6a","name":"Isabel Norlin","image":{"@type":"ImageObject","inLanguage":"sv-SE","@id":"https:\/\/nordrest.fi\/sv\/#\/schema\/person\/image\/","url":"https:\/\/secure.gravatar.com\/avatar\/914c7aef2b9be7d711cfdaf4b9a7cb2899a276ba8df01f54ce2f3d3f1798ca36?s=96&d=mm&r=g","contentUrl":"https:\/\/secure.gravatar.com\/avatar\/914c7aef2b9be7d711cfdaf4b9a7cb2899a276ba8df01f54ce2f3d3f1798ca36?s=96&d=mm&r=g","caption":"Isabel Norlin"}}]}},"_links":{"self":[{"href":"https:\/\/nordrest.fi\/sv\/wp-json\/wp\/v2\/posts\/15344","targetHints":{"allow":["GET"]}}],"collection":[{"href":"https:\/\/nordrest.fi\/sv\/wp-json\/wp\/v2\/posts"}],"about":[{"href":"https:\/\/nordrest.fi\/sv\/wp-json\/wp\/v2\/types\/post"}],"author":[{"embeddable":true,"href":"https:\/\/nordrest.fi\/sv\/wp-json\/wp\/v2\/users\/10"}],"replies":[{"embeddable":true,"href":"https:\/\/nordrest.fi\/sv\/wp-json\/wp\/v2\/comments?post=15344"}],"version-history":[{"count":0,"href":"https:\/\/nordrest.fi\/sv\/wp-json\/wp\/v2\/posts\/15344\/revisions"}],"wp:featuredmedia":[{"embeddable":true,"href":"https:\/\/nordrest.fi\/sv\/wp-json\/wp\/v2\/media\/15346"}],"wp:attachment":[{"href":"https:\/\/nordrest.fi\/sv\/wp-json\/wp\/v2\/media?parent=15344"}],"wp:term":[{"taxonomy":"category","embeddable":true,"href":"https:\/\/nordrest.fi\/sv\/wp-json\/wp\/v2\/categories?post=15344"},{"taxonomy":"post_tag","embeddable":true,"href":"https:\/\/nordrest.fi\/sv\/wp-json\/wp\/v2\/tags?post=15344"}],"curies":[{"name":"wp","href":"https:\/\/api.w.org\/{rel}","templated":true}]}}